{"id":35758,"date":"2012-06-30T18:28:57","date_gmt":"2012-06-30T21:28:57","guid":{"rendered":"http:\/\/senoticias.com.br\/se\/?p=35758"},"modified":"2012-06-30T18:29:24","modified_gmt":"2012-06-30T21:29:24","slug":"general-maynard-oposicao-se-une-para-derrotar-jose-evangelista","status":"publish","type":"post","link":"https:\/\/senoticias.com.br\/se\/general-maynard-oposicao-se-une-para-derrotar-jose-evangelista\/","title":{"rendered":"General Maynard: oposi\u00e7\u00e3o se une para derrotar Jos\u00e9 Evangelista"},"content":{"rendered":"<div id=\"attachment_35759\" style=\"width: 310px\" class=\"wp-caption alignleft\"><a href=\"http:\/\/senoticias.com.br\/se\/wp-content\/uploads\/2012\/06\/DSC_0802-C%C3%B3pia.jpg\"><img loading=\"lazy\" decoding=\"async\" aria-describedby=\"caption-attachment-35759\" class=\"size-medium wp-image-35759\" title=\"DSC_0802 - C\u00f3pia\" src=\"http:\/\/senoticias.com.br\/se\/wp-content\/uploads\/2012\/06\/DSC_0802-C%C3%B3pia-300x199.jpg\" alt=\"\" width=\"300\" height=\"199\" \/><\/a><p id=\"caption-attachment-35759\" class=\"wp-caption-text\">o ex-prefeito Miraldo da Silva Santos (PSD), sendo a sua vice, a vereadora Ac\u00e1ssia S\u00e3o Pedro (PTB), que tamb\u00e9m era pr\u00e9-candidata a prefeita. (Reprodu\u00e7\u00e3o)<\/p><\/div>\n<p style=\"text-align: justify;\">Tr\u00eas pr\u00e9-candidatos a prefeito de General Maynard se uniram em torno de uma candidatura \u00fanica e ir\u00e3o enfrentar o atual gestor Jos\u00e9 Evangelista (PSB). O grupo de oposi\u00e7\u00e3o, formado pelos partidos PSD &#8211; PTB &#8211; PP &#8211; PTC &#8211; PR &#8211; PSC e PCdoB, ter\u00e1 como candidato, o ex-prefeito Miraldo da Silva Santos (PSD), sendo a sua vice, a vereadora Ac\u00e1ssia S\u00e3o Pedro (PTB), que tamb\u00e9m era pr\u00e9-candidata a prefeita.<\/p>\n<p style=\"text-align: justify;\">Outros quatro parlamentares fazem parte do grupo de apoio a Miraldo: Jos\u00e9 Rodrigues, Anjo Gabriel, Rodrigo Sobral e Gilmar Francelino, o &#8216;T\u00f3&#8217;, presidente do Legislativo. O agrupamento contou ainda com duas importantes ades\u00f5es. A do empres\u00e1rio Ant\u00f4nio Monteiro dos Santos (PR), outro pr\u00e9-candidato que abriu m\u00e3o da disputa para compor com o agrupamento; e do atual vice-prefeito, Jos\u00e9 Lealdo (PSC).<br \/>\nNa opini\u00e3o de Rodrigo Sobral, o dia 30 de junho marca o in\u00edcio de um novo futuro para General Maynard. &#8220;Um futuro promissor, de desenvolvimento e melhorias para o nosso povo, porque esse grupo que hoje nasce, nasce com o compromisso e o prop\u00f3sito de trabalhar pelo bem comum do nosso munic\u00edpio, que vem sofrendo com uma administra\u00e7\u00e3o desastrosa e descompromissada com os problemas existentes, que s\u00e3o muitos, tanto na sede como nos povoados&#8221;, enfatizou o parlamentar.<\/p>\n<p style=\"text-align: justify;\">A vereadora Ac\u00e1ssia S\u00e3o Pedro lembrou que seu sonho e o de Monteiro foi interrompido por uma causa maior. &#8220;Sabemos que a pol\u00edtica \u00e9 feita de agrupamentos e de homens e mulheres de coragem. Chegamos a esse entendimento porque entendemos que essa soma\u00e7\u00e3o \u00e9 o que temos de melhor para oferecer para o nosso povo, que est\u00e1 confiante nesse projeto. Conhe\u00e7o Miraldo, acredito nele, no seu cora\u00e7\u00e3o, sei que \u00e9 uma pessoa de bem, e que poder\u00e1 contar comigo para o que precisar&#8221;, disse a candidata.<\/p>\n<p style=\"text-align: justify;\">Monteiro tamb\u00e9m ressaltou a import\u00e2ncia da uni\u00e3o para o crescimento pol\u00edtico. &#8220;N\u00e3o cheguei onde estou sozinho, mas contei com minha equipe, com meu pessoal. \u00c9 como j\u00e1 disseram aqui: a gente tem que recuar em certos momentos, para depois dar um passo \u00e0 frente. Tenho certeza que fiz a escolha certa, que Miraldo vai fazer o melhor por General&#8221;, garantiu. Segundo Monteiro, o povo de General precisa muito do poder p\u00fablico.<\/p>\n<p style=\"text-align: justify;\">&#8220;O munic\u00edpio est\u00e1 20 anos atrasado em rela\u00e7\u00e3o a outros munic\u00edpios de Sergipe. A gente v\u00ea as cidades crescendo, se desenvolvendo, e aqui n\u00e3o se constr\u00f3i nem uma casa. Tenho certeza que esse grupo ir\u00e1 transformar General e mudar a vida desse povo t\u00e3o sofrido e que tanto espera do poder p\u00fablico&#8221;, ressaltou Monteiro.<\/p>\n<p style=\"text-align: justify;\">J\u00e1 o candidato a prefeito lembrou do papel importante que a oposi\u00e7\u00e3o vem fazendo nesses quatro anos em General Maynard, e que devido ao fracasso da administra\u00e7\u00e3o do prefeito Jos\u00e9 Evangelista, vem crescendo a cada dia. &#8220;A uni\u00e3o de hoje \u00e9 uma prova disso. A gente sabia que ela ia acontecer porque o que eu, Miraldo, Ac\u00e1cia, os vereadores e as lideran\u00e7as que aqui est\u00e3o dos partidos aliados querem, \u00e9 o bem de General Maynard. N\u00e3o d\u00e1 para acreditar nesse projeto que a\u00ed est\u00e1. A cidade parou nesse per\u00edodo e o prefeito vem agora iludir a popula\u00e7\u00e3o com falsas promessas, como no povoado Leite Neto, onde ele diz que vai ter at\u00e9 cal\u00e7ad\u00e3o&#8221;, denunciou.<\/p>\n<p style=\"text-align: justify;\">Miraldo conclamou a todos para que continuem unidos em torno do projeto de oposi\u00e7\u00e3o. &#8220;Essa \u00e9 a campanha do povo, dos professores, dos servidores p\u00fablicos, da juventude, da dona-de-casa. Ser\u00e1 a vit\u00f3ria desse grupo que vai trazer liberdade e desenvolvimento para o nosso munic\u00edpio. Moramos aqui e sabemos a import\u00e2ncia do compromisso que hoje assumimos com o nosso povo&#8221;, refor\u00e7ou o candidato.<\/p>\n<p style=\"text-align: justify;\"><span style=\"color: #333333;\"><strong>Da Empauta Comunica\u00e7\u00e3o<\/strong><\/span><\/p>\n","protected":false},"excerpt":{"rendered":"<p>Tr\u00eas pr\u00e9-candidatos a prefeito de General Maynard se uniram em torno de uma candidatura \u00fanica e ir\u00e3o enfrentar o atual gestor Jos\u00e9 Evangelista (PSB). O grupo de oposi\u00e7\u00e3o, formado pelos partidos PSD &#8211; PTB &#8211; PP &#8211; PTC &#8211; PR &#8211; PSC e PCdoB, ter\u00e1 como candidato, o ex-prefeito Miraldo da Silva Santos (PSD), sendo [&hellip;]<\/p>\n","protected":false},"author":3,"featured_media":35759,"comment_status":"closed","ping_status":"closed","sticky":false,"template":"","format":"standard","meta":{"footnotes":""},"categories":[38],"tags":[],"class_list":{"0":"post-35758","1":"post","2":"type-post","3":"status-publish","4":"format-standard","5":"has-post-thumbnail","7":"category-municipios"},"_links":{"self":[{"href":"https:\/\/senoticias.com.br\/se\/wp-json\/wp\/v2\/posts\/35758"}],"collection":[{"href":"https:\/\/senoticias.com.br\/se\/wp-json\/wp\/v2\/posts"}],"about":[{"href":"https:\/\/senoticias.com.br\/se\/wp-json\/wp\/v2\/types\/post"}],"author":[{"embeddable":true,"href":"https:\/\/senoticias.com.br\/se\/wp-json\/wp\/v2\/users\/3"}],"replies":[{"embeddable":true,"href":"https:\/\/senoticias.com.br\/se\/wp-json\/wp\/v2\/comments?post=35758"}],"version-history":[{"count":0,"href":"https:\/\/senoticias.com.br\/se\/wp-json\/wp\/v2\/posts\/35758\/revisions"}],"wp:featuredmedia":[{"embeddable":true,"href":"https:\/\/senoticias.com.br\/se\/wp-json\/wp\/v2\/media\/35759"}],"wp:attachment":[{"href":"https:\/\/senoticias.com.br\/se\/wp-json\/wp\/v2\/media?parent=35758"}],"wp:term":[{"taxonomy":"category","embeddable":true,"href":"https:\/\/senoticias.com.br\/se\/wp-json\/wp\/v2\/categories?post=35758"},{"taxonomy":"post_tag","embeddable":true,"href":"https:\/\/senoticias.com.br\/se\/wp-json\/wp\/v2\/tags?post=35758"}],"curies":[{"name":"wp","href":"https:\/\/api.w.org\/{rel}","templated":true}]}}