{"id":35755,"date":"2012-06-30T14:13:39","date_gmt":"2012-06-30T17:13:39","guid":{"rendered":"http:\/\/senoticias.com.br\/se\/?p=35755"},"modified":"2012-06-30T14:13:39","modified_gmt":"2012-06-30T17:13:39","slug":"assaltante-morre-apos-ser-linchado-pela-populacao-na-zona-norte-de-aracaju","status":"publish","type":"post","link":"https:\/\/senoticias.com.br\/se\/assaltante-morre-apos-ser-linchado-pela-populacao-na-zona-norte-de-aracaju\/","title":{"rendered":"Assaltante morre ap\u00f3s ser linchado pela popula\u00e7\u00e3o na Zona Norte de Aracaju"},"content":{"rendered":"<div id=\"attachment_21098\" style=\"width: 310px\" class=\"wp-caption alignleft\"><a href=\"http:\/\/senoticias.com.br\/se\/wp-content\/uploads\/2011\/12\/IML.jpg\"><img loading=\"lazy\" decoding=\"async\" aria-describedby=\"caption-attachment-21098\" class=\"size-medium wp-image-21098\" title=\"IML\" src=\"http:\/\/senoticias.com.br\/se\/wp-content\/uploads\/2011\/12\/IML-300x225.jpg\" alt=\"\" width=\"300\" height=\"225\" srcset=\"https:\/\/senoticias.com.br\/se\/wp-content\/uploads\/2011\/12\/IML-300x225.jpg 300w, https:\/\/senoticias.com.br\/se\/wp-content\/uploads\/2011\/12\/IML-342x256.jpg 342w, https:\/\/senoticias.com.br\/se\/wp-content\/uploads\/2011\/12\/IML-60x45.jpg 60w, https:\/\/senoticias.com.br\/se\/wp-content\/uploads\/2011\/12\/IML-150x113.jpg 150w, https:\/\/senoticias.com.br\/se\/wp-content\/uploads\/2011\/12\/IML-269x201.jpg 269w, https:\/\/senoticias.com.br\/se\/wp-content\/uploads\/2011\/12\/IML.jpg 500w\" sizes=\"(max-width: 300px) 100vw, 300px\" \/><\/a><p id=\"caption-attachment-21098\" class=\"wp-caption-text\">Corpo foi recolhido para o Instituto M\u00e9dico Legal. (Foto: Reprodu\u00e7\u00e3o)<\/p><\/div>\n<p style=\"text-align: justify;\">Um suspeito de assaltar um \u00f4nibus morreu ap\u00f3s ser perseguido e linchado por populares no Bairro Santo Ant\u00f4nio, Zona Norte de Aracaju (SE), na madrugada desta sexta-feira (29).<\/p>\n<p>Ele e outro homem assaltaram um \u00f4nibus que realiza o transporte coletivo de passageiros, no momento em que esse transitava pela Avenida Juscelino Kubistchek. Toda a renda do coletivo no valor de R$ 300 foi levada pela dupla, que fugiu a p\u00e9 pelas ruas do bairro.<\/p>\n<p>O motorista e o cobrador perseguiram os bandidos por aproximadamente 2 km e tiveram o aux\u00edlio de populares. Um dos assaltantes foi pego e espancado pelo grupo.<\/p>\n<p>Equipes do Grupamento T\u00e1tico de Motos (Getam) e da Companhia de Radiopatrulha da Pol\u00edcia Militar foram at\u00e9 o local para prender o suspeito. No entanto, constaram que o homem estava morto.<\/p>\n<p>Uma ambul\u00e2ncia do Servi\u00e7o de Atendimento M\u00f3vel de Urg\u00eancia (SAMU) chegou a ser acionada, mas os param\u00e9dicos comprovaram a suspeita. O outro assaltante conseguiu fugir.<\/p>\n<p style=\"text-align: justify;\"><strong>\u00a0G1 SE<\/strong><\/p>\n","protected":false},"excerpt":{"rendered":"<p>Um suspeito de assaltar um \u00f4nibus morreu ap\u00f3s ser perseguido e linchado por populares no Bairro Santo Ant\u00f4nio, Zona Norte de Aracaju (SE), na madrugada desta sexta-feira (29). Ele e outro homem assaltaram um \u00f4nibus que realiza o transporte coletivo de passageiros, no momento em que esse transitava pela Avenida Juscelino Kubistchek. Toda a renda [&hellip;]<\/p>\n","protected":false},"author":3,"featured_media":21098,"comment_status":"closed","ping_status":"closed","sticky":false,"template":"","format":"standard","meta":{"footnotes":""},"categories":[7],"tags":[],"class_list":{"0":"post-35755","1":"post","2":"type-post","3":"status-publish","4":"format-standard","5":"has-post-thumbnail","7":"category-policia"},"_links":{"self":[{"href":"https:\/\/senoticias.com.br\/se\/wp-json\/wp\/v2\/posts\/35755"}],"collection":[{"href":"https:\/\/senoticias.com.br\/se\/wp-json\/wp\/v2\/posts"}],"about":[{"href":"https:\/\/senoticias.com.br\/se\/wp-json\/wp\/v2\/types\/post"}],"author":[{"embeddable":true,"href":"https:\/\/senoticias.com.br\/se\/wp-json\/wp\/v2\/users\/3"}],"replies":[{"embeddable":true,"href":"https:\/\/senoticias.com.br\/se\/wp-json\/wp\/v2\/comments?post=35755"}],"version-history":[{"count":0,"href":"https:\/\/senoticias.com.br\/se\/wp-json\/wp\/v2\/posts\/35755\/revisions"}],"wp:featuredmedia":[{"embeddable":true,"href":"https:\/\/senoticias.com.br\/se\/wp-json\/wp\/v2\/media\/21098"}],"wp:attachment":[{"href":"https:\/\/senoticias.com.br\/se\/wp-json\/wp\/v2\/media?parent=35755"}],"wp:term":[{"taxonomy":"category","embeddable":true,"href":"https:\/\/senoticias.com.br\/se\/wp-json\/wp\/v2\/categories?post=35755"},{"taxonomy":"post_tag","embeddable":true,"href":"https:\/\/senoticias.com.br\/se\/wp-json\/wp\/v2\/tags?post=35755"}],"curies":[{"name":"wp","href":"https:\/\/api.w.org\/{rel}","templated":true}]}}