{"id":35750,"date":"2012-06-30T14:02:06","date_gmt":"2012-06-30T17:02:06","guid":{"rendered":"http:\/\/senoticias.com.br\/se\/?p=35750"},"modified":"2012-07-02T16:47:26","modified_gmt":"2012-07-02T19:47:26","slug":"justica-determina-que-operadoras-nao-podem-vender-celular-bloqueado","status":"publish","type":"post","link":"https:\/\/senoticias.com.br\/se\/justica-determina-que-operadoras-nao-podem-vender-celular-bloqueado\/","title":{"rendered":"Justi\u00e7a determina que operadoras n\u00e3o podem vender celular bloqueado"},"content":{"rendered":"<p style=\"text-align: justify;\"><a href=\"http:\/\/senoticias.com.br\/se\/wp-content\/uploads\/2011\/02\/Celular1.jpg\"><img loading=\"lazy\" decoding=\"async\" class=\"alignleft size-medium wp-image-2675\" title=\"Celular\" src=\"http:\/\/senoticias.com.br\/se\/wp-content\/uploads\/2011\/02\/Celular1-300x285.jpg\" alt=\"\" width=\"300\" height=\"285\" srcset=\"https:\/\/senoticias.com.br\/se\/wp-content\/uploads\/2011\/02\/Celular1-300x285.jpg 300w, https:\/\/senoticias.com.br\/se\/wp-content\/uploads\/2011\/02\/Celular1-342x324.jpg 342w, https:\/\/senoticias.com.br\/se\/wp-content\/uploads\/2011\/02\/Celular1.jpg 620w\" sizes=\"(max-width: 300px) 100vw, 300px\" \/><\/a>Empresas de telefonia celular n\u00e3o poder\u00e3o vender aparelhos bloqueados, de acordo com decis\u00e3o tomada nessa sexta-feira (29) pela 5\u00aa turma do Tribunal Regional Federal 1\u00aa Regi\u00e3o (TRF-1). Em caso de descumprimento, as empresas devem pagar multa de R$ 50 mil di\u00e1rios. Ainda cabe recurso da decis\u00e3o.<\/p>\n<p style=\"text-align: justify;\">A senten\u00e7a do TRF-1 foi motivada por recurso do Minist\u00e9rio P\u00fablico Federal que contestava entendimento da primeira inst\u00e2ncia da Justi\u00e7a, segundo o qual as empresas poderiam vender celular bloqueado por um ano, como forma de fideliza\u00e7\u00e3o.<\/p>\n<p style=\"text-align: justify;\">O TRF-1 derrubou esse entendimento em vota\u00e7\u00e3o un\u00e2nime. O relator do caso, desembargador Ant\u00f4nio Souza Prudente, argumentou em seu voto que \u201co bloqueio t\u00e9cnico dos aparelhos celulares configura uma viol\u00eancia contra o consumidor\u201d. O tribunal decidiu que mesmo os bloqueios tempor\u00e1rios, que costumam ser impostos pela operadora no ato da venda, s\u00e3o ilegais.<\/p>\n<p style=\"text-align: justify;\">Em sua defesa, representantes de empresas de telefonia celular manifestaram, na a\u00e7\u00e3o, que \u201cpara conceder determinados benef\u00edcios, a operadora arca com o pre\u00e7o do aparelho e acaba por transportar determinados encargos para o mercado\u201d.<\/p>\n<p style=\"text-align: justify;\">O argumento das operadoras foi rebatido no julgamento pela desembargadora federal Selene Almeida.\u201cAo obrigar o consumidor a ficar fidelizado a determinado plano, est\u00e1 caracterizada a venda casada, uma afronta, pois, aos direitos do consumidor, pois o que as empresas de fato est\u00e3o fazendo atrav\u00e9s de descontos concedidos em troca de aparelhos \u00e9 restitu\u00edrem-se do desconto com a presta\u00e7\u00e3o do servi\u00e7o, j\u00e1 que o valor das mensalidades acaba por pagar, com sobras, os benef\u00edcios concedidos\u201d, afirmou a desembargadora.<\/p>\n<p><span style=\"color: #333333;\"><strong>Do G1, em Bras\u00edlia<\/strong><\/span><\/p>\n","protected":false},"excerpt":{"rendered":"<p>Empresas de telefonia celular n\u00e3o poder\u00e3o vender aparelhos bloqueados, de acordo com decis\u00e3o tomada nessa sexta-feira (29) pela 5\u00aa turma do Tribunal Regional Federal 1\u00aa Regi\u00e3o (TRF-1). Em caso de descumprimento, as empresas devem pagar multa de R$ 50 mil di\u00e1rios. Ainda cabe recurso da decis\u00e3o. A senten\u00e7a do TRF-1 foi motivada por recurso do [&hellip;]<\/p>\n","protected":false},"author":3,"featured_media":2675,"comment_status":"closed","ping_status":"closed","sticky":false,"template":"","format":"standard","meta":{"footnotes":""},"categories":[38],"tags":[],"class_list":{"0":"post-35750","1":"post","2":"type-post","3":"status-publish","4":"format-standard","5":"has-post-thumbnail","7":"category-municipios"},"_links":{"self":[{"href":"https:\/\/senoticias.com.br\/se\/wp-json\/wp\/v2\/posts\/35750"}],"collection":[{"href":"https:\/\/senoticias.com.br\/se\/wp-json\/wp\/v2\/posts"}],"about":[{"href":"https:\/\/senoticias.com.br\/se\/wp-json\/wp\/v2\/types\/post"}],"author":[{"embeddable":true,"href":"https:\/\/senoticias.com.br\/se\/wp-json\/wp\/v2\/users\/3"}],"replies":[{"embeddable":true,"href":"https:\/\/senoticias.com.br\/se\/wp-json\/wp\/v2\/comments?post=35750"}],"version-history":[{"count":0,"href":"https:\/\/senoticias.com.br\/se\/wp-json\/wp\/v2\/posts\/35750\/revisions"}],"wp:featuredmedia":[{"embeddable":true,"href":"https:\/\/senoticias.com.br\/se\/wp-json\/wp\/v2\/media\/2675"}],"wp:attachment":[{"href":"https:\/\/senoticias.com.br\/se\/wp-json\/wp\/v2\/media?parent=35750"}],"wp:term":[{"taxonomy":"category","embeddable":true,"href":"https:\/\/senoticias.com.br\/se\/wp-json\/wp\/v2\/categories?post=35750"},{"taxonomy":"post_tag","embeddable":true,"href":"https:\/\/senoticias.com.br\/se\/wp-json\/wp\/v2\/tags?post=35750"}],"curies":[{"name":"wp","href":"https:\/\/api.w.org\/{rel}","templated":true}]}}