{"id":35744,"date":"2012-06-30T11:50:13","date_gmt":"2012-06-30T14:50:13","guid":{"rendered":"http:\/\/senoticias.com.br\/se\/?p=35744"},"modified":"2012-07-02T11:21:13","modified_gmt":"2012-07-02T14:21:13","slug":"gustavo-lima-pela-primeira-vez-no-palco-do-forro-caju","status":"publish","type":"post","link":"https:\/\/senoticias.com.br\/se\/gustavo-lima-pela-primeira-vez-no-palco-do-forro-caju\/","title":{"rendered":"Gustavo Lima pela primeira vez no palco do Forr\u00f3 Caju"},"content":{"rendered":"<div id=\"attachment_35745\" style=\"width: 310px\" class=\"wp-caption alignleft\"><a href=\"http:\/\/senoticias.com.br\/se\/wp-content\/uploads\/2012\/06\/gustavo_lima__foto_andre_moreira_10.jpg\"><img loading=\"lazy\" decoding=\"async\" aria-describedby=\"caption-attachment-35745\" class=\"size-medium wp-image-35745\" title=\"gustavo_lima__foto_andre_moreira_(10)\" src=\"http:\/\/senoticias.com.br\/se\/wp-content\/uploads\/2012\/06\/gustavo_lima__foto_andre_moreira_10-300x223.jpg\" alt=\"\" width=\"300\" height=\"223\" srcset=\"https:\/\/senoticias.com.br\/se\/wp-content\/uploads\/2012\/06\/gustavo_lima__foto_andre_moreira_10-300x223.jpg 300w, https:\/\/senoticias.com.br\/se\/wp-content\/uploads\/2012\/06\/gustavo_lima__foto_andre_moreira_10-342x254.jpg 342w, https:\/\/senoticias.com.br\/se\/wp-content\/uploads\/2012\/06\/gustavo_lima__foto_andre_moreira_10-60x45.jpg 60w, https:\/\/senoticias.com.br\/se\/wp-content\/uploads\/2012\/06\/gustavo_lima__foto_andre_moreira_10-150x113.jpg 150w, https:\/\/senoticias.com.br\/se\/wp-content\/uploads\/2012\/06\/gustavo_lima__foto_andre_moreira_10-269x201.jpg 269w, https:\/\/senoticias.com.br\/se\/wp-content\/uploads\/2012\/06\/gustavo_lima__foto_andre_moreira_10.jpg 600w\" sizes=\"(max-width: 300px) 100vw, 300px\" \/><\/a><p id=\"caption-attachment-35745\" class=\"wp-caption-text\">Com show cheio de efeitos especiais, Gusttavo Lima se apresentou pela primeira vez em Aracaju (Fotos: Andr\u00e9 Moreira)<\/p><\/div>\n<p style=\"text-align: justify;\">Uma super produ\u00e7\u00e3o. \u00c9 assim que pode ser definida a apresenta\u00e7\u00e3o do cantor Gusttavo Lima no \u00faltimo dia de Forr\u00f3 Caju. Com direito a chuva de prata e fogos de artif\u00edcio, um show de efeitos iluminou o palco durante o show e fez muita gente ir ao del\u00edrio. Semblantes de emo\u00e7\u00e3o se misturaram ao choro de alegria das f\u00e3s do cantor.<\/p>\n<p style=\"text-align: justify;\">Em seu primeiro show na capital sergipana, Gusttavo garante que vir a Aracaju era um desejo muito grande. &#8220;Estou muito feliz de vir fazer show aqui e poder conhecer a cidade. Os sergipanos s\u00e3o muito simp\u00e1ticos&#8221;, fala ele. Gritos, faixas e palmas: foi assim que o p\u00fablico recebeu o cantor em seu primeiro show na capital.<\/p>\n<p style=\"text-align: justify;\">O mineirinho tem todo o talento para cantar e conquistar suas f\u00e3s. &#8220;Ele \u00e9 muito atencioso, muito sedutor tamb\u00e9m. Ele merece todo o sucesso porque lutou para chegar at\u00e9 aqui&#8221;, conta Jord\u00e2nia Lurdes, que ir\u00e1 presentear o cantor com uma calcinha assinada por ela. E vale fazer loucuras para ver o \u00eddolo, como confirmou a f\u00e3 Andrea Sartre, que saiu escondida de casa para assistir o show. &#8220;N\u00e3o podia perder, estamos aqui no mesmo lugar desde 20h, sem comer e com sede&#8221;, fala ela com l\u00e1grimas nos olhos.<\/p>\n<p style=\"text-align: justify;\">As amigas \u00c9dila Tatiana e La\u00eds Costa vieram de Alagoas s\u00f3 para ver o artista. &#8220;Sa\u00edmos de l\u00e1 ainda de madrugada e viemos muito cedo para pegar um lugar bem na frente&#8221;, contou \u00c9dila que estava com as m\u00e3os frias de tanta ansiedade para ver seu \u00eddolo. M\u00fasicas como &#8220;Balada&#8221; e &#8220;Vem em mim Dodge Ram&#8221; s\u00e3o alguns dos grandes sucessos do cantor. O \u00e1lbum &#8220;Gusttavo Lima e Voc\u00ea&#8221;, que virou a marca do cantor, vendeu mais de 50 mil c\u00f3pias e recebeu o disco de platina.<\/p>\n<p style=\"text-align: justify;\">No meio do show, Gusttavo recebeu um bilhete de um f\u00e3 dizendo que o sonho dele era poder cantar com o artista. Logo depois, o f\u00e3 foi chamado, cantou com Gusttavo e conseguiu realizar seu maior desejo. &#8220;Agrade\u00e7o muito o carinho dos meus f\u00e3s. Artista sem f\u00e3 \u00e9 a mesma coisa de carro sem roda. Tento retribuir com muita m\u00fasica boa e um excelente show&#8221;, relata o cantor.<\/p>\n<p style=\"text-align: justify;\">Em comemora\u00e7\u00e3o aos 100 anos de Luiz Gonzaga, Gusttavo Lima cantou m\u00fasicas do Rei do Bai\u00e3o e fez todo mundo arrastar o p\u00e9. &#8220;S\u00e3o Jo\u00e3o sem m\u00fasicas de Luiz Gonzaga e Dominguinhos n\u00e3o tem como existir. Os sucessos deles tamb\u00e9m est\u00e3o no meu show de hoje&#8221;, fala.<\/p>\n<p style=\"text-align: justify;\">Para 2012, o cantor est\u00e1 com os planos de gravar seu terceiro DVD, que ser\u00e1 gravado em S\u00e3o Paulo e ser\u00e1 lan\u00e7ado em agosto. &#8220;Ser\u00e1 mais um sucesso para que os f\u00e3s possam dan\u00e7ar muito e se divertir com as m\u00fasicas que estar\u00e3o no DVD&#8221;, conta.<\/p>\n<p style=\"text-align: justify;\"><span style=\"color: #333333;\"><em><strong>Ag\u00eancia Aracaju de Not\u00edcias<\/strong><\/em><\/span><\/p>\n","protected":false},"excerpt":{"rendered":"<p>Uma super produ\u00e7\u00e3o. \u00c9 assim que pode ser definida a apresenta\u00e7\u00e3o do cantor Gusttavo Lima no \u00faltimo dia de Forr\u00f3 Caju. Com direito a chuva de prata e fogos de artif\u00edcio, um show de efeitos iluminou o palco durante o show e fez muita gente ir ao del\u00edrio. Semblantes de emo\u00e7\u00e3o se misturaram ao choro [&hellip;]<\/p>\n","protected":false},"author":3,"featured_media":35745,"comment_status":"closed","ping_status":"closed","sticky":false,"template":"","format":"standard","meta":{"footnotes":""},"categories":[160,38],"tags":[],"class_list":{"0":"post-35744","1":"post","2":"type-post","3":"status-publish","4":"format-standard","5":"has-post-thumbnail","7":"category-festas-juninas","8":"category-municipios"},"_links":{"self":[{"href":"https:\/\/senoticias.com.br\/se\/wp-json\/wp\/v2\/posts\/35744"}],"collection":[{"href":"https:\/\/senoticias.com.br\/se\/wp-json\/wp\/v2\/posts"}],"about":[{"href":"https:\/\/senoticias.com.br\/se\/wp-json\/wp\/v2\/types\/post"}],"author":[{"embeddable":true,"href":"https:\/\/senoticias.com.br\/se\/wp-json\/wp\/v2\/users\/3"}],"replies":[{"embeddable":true,"href":"https:\/\/senoticias.com.br\/se\/wp-json\/wp\/v2\/comments?post=35744"}],"version-history":[{"count":0,"href":"https:\/\/senoticias.com.br\/se\/wp-json\/wp\/v2\/posts\/35744\/revisions"}],"wp:featuredmedia":[{"embeddable":true,"href":"https:\/\/senoticias.com.br\/se\/wp-json\/wp\/v2\/media\/35745"}],"wp:attachment":[{"href":"https:\/\/senoticias.com.br\/se\/wp-json\/wp\/v2\/media?parent=35744"}],"wp:term":[{"taxonomy":"category","embeddable":true,"href":"https:\/\/senoticias.com.br\/se\/wp-json\/wp\/v2\/categories?post=35744"},{"taxonomy":"post_tag","embeddable":true,"href":"https:\/\/senoticias.com.br\/se\/wp-json\/wp\/v2\/tags?post=35744"}],"curies":[{"name":"wp","href":"https:\/\/api.w.org\/{rel}","templated":true}]}}