{"id":35733,"date":"2012-06-30T07:28:09","date_gmt":"2012-06-30T10:28:09","guid":{"rendered":"http:\/\/senoticias.com.br\/se\/?p=35733"},"modified":"2013-05-18T12:59:51","modified_gmt":"2013-05-18T15:59:51","slug":"35733","status":"publish","type":"post","link":"https:\/\/senoticias.com.br\/se\/35733\/","title":{"rendered":"Professor Wanderl\u00ea realiza conven\u00e7\u00e3o neste s\u00e1bado e intensifica busca por alian\u00e7as"},"content":{"rendered":"<div id=\"attachment_34397\" style=\"width: 310px\" class=\"wp-caption alignleft\"><a href=\"http:\/\/senoticias.com.br\/se\/wp-content\/uploads\/2012\/06\/Wanderl%C3%AA-I.jpg\"><img loading=\"lazy\" decoding=\"async\" aria-describedby=\"caption-attachment-34397\" class=\"size-medium wp-image-34397\" title=\"Wanderl\u00ea I\" src=\"http:\/\/senoticias.com.br\/se\/wp-content\/uploads\/2012\/06\/Wanderl%C3%AA-I-300x206.jpg\" alt=\"\" width=\"300\" height=\"206\" \/><\/a><p id=\"caption-attachment-34397\" class=\"wp-caption-text\">O ex-deputado professor Wanderl\u00ea , Presidente e pr\u00e9-candidato do PMDB em S\u00e3o Crist\u00f3v\u00e3o. (Foto: Janaina Santos)<\/p><\/div>\n<p style=\"text-align: justify;\">Pr\u00e9-candidato \u00e0 prefeitura de S\u00e3o Crist\u00f3v\u00e3o, o ex-deputado Wanderl\u00ea Correia (PMDB) realiza sua conven\u00e7\u00e3o neste s\u00e1bado (30) na Pra\u00e7a do Carmo, em S\u00e3o Crist\u00f3v\u00e3o, a partir das 9 da manh\u00e3. Para deliberar sobre as coliga\u00e7\u00f5es partid\u00e1rias, a escolha de candidatos \u2013 prefeito, vice-prefeito e vereadores \u2013 e o sorteio dos n\u00fameros para os candidatos aos cargos eletivos com vistas \u00e0s elei\u00e7\u00f5es de outubro.<\/p>\n<p style=\"text-align: justify;\">&#8220;Nosso grupo est\u00e1 determinado em apresentar \u00e0 sociedade um projeto de governo para todos\u00a0 os sancristovense. Estamos dialogando e pretendemos fazer uma grande uni\u00e3o em prol de nossa cidade. Todo este\u00a0 di\u00e1logo ficar\u00e1 ainda mais intenso at\u00e9 o fim do dia\u201d disse\u00a0 Wanderl\u00ea.<\/p>\n<p style=\"text-align: justify;\">Sobre a conven\u00e7\u00e3o, Wandrel\u00ea j\u00e1 fez a defini\u00e7\u00e3o de seu grupo pol\u00edtico e sua composi\u00e7\u00e3o para as elei\u00e7\u00f5es j\u00e1 est\u00e1 fechada. Seu grupo sair\u00e1 com uma coliga\u00e7\u00e3o composta pelo <strong>PMDB, PT, PSD, PT do B, PC do B e PHS.<\/strong> O pr\u00e9-candidato a vice-prefeito de sua composi\u00e7\u00e3o \u00e9 o empres\u00e1rio Jos\u00e9 Alberto Batista, conhecido como <strong>\u201cBet\u00e3o\u201d<\/strong> (PSD). Al\u00e9m disso, a composi\u00e7\u00e3o conta com o apoio do atual vice-prefeito, Cl\u00e1udio Sanclau (PT), que est\u00e1 rompido politicamente com Alex, por discordar da administra\u00e7\u00e3o incipiente realizada pelo pedetista.<\/p>\n<p style=\"text-align: justify;\">O professor Wanderl\u00ea destacou que o seu grupo pol\u00edtico tem inten\u00e7\u00e3o de vencer as elei\u00e7\u00f5es. Considera que h\u00e1 um grande advers\u00e1rio, o ex-prefeito Armando Batalha (PSB), que est\u00e1 com seu nome colocado h\u00e1 mais tempo para a elei\u00e7\u00e3o.<\/p>\n<p style=\"text-align: justify;\">\u201cVamos enfrentar um forte advers\u00e1rio, o ex-prefeito Armando Batalha. Entretanto, estamos no mesmo n\u00edvel que ele, nas inten\u00e7\u00f5es de voto das pesquisas que realizamos. Acreditamos que nosso principal advers\u00e1rio dever\u00e1 perder pontos, pois j\u00e1 chegou ao seu ponto m\u00e1ximo. A tend\u00eancia dele \u00e9 cair, enquanto a nossa \u00e9 crescer, devido a nossa participa\u00e7\u00e3o popular, que a cada dia que se passa, cresce com a inten\u00e7\u00e3o de apoiarem nossa pr\u00e9-candidatura.\u201d, disse Wanderl\u00ea.<\/p>\n<p style=\"text-align: justify;\"><span style=\"color: #333399;\"><strong>SE Not\u00edcias com informa\u00e7\u00f5es de M\u00e1rcio Rocha.<\/strong><\/span><\/p>\n","protected":false},"excerpt":{"rendered":"<p>Pr\u00e9-candidato \u00e0 prefeitura de S\u00e3o Crist\u00f3v\u00e3o, o ex-deputado Wanderl\u00ea Correia (PMDB) realiza sua conven\u00e7\u00e3o neste s\u00e1bado (30) na Pra\u00e7a do Carmo, em S\u00e3o Crist\u00f3v\u00e3o, a partir das 9 da manh\u00e3. Para deliberar sobre as coliga\u00e7\u00f5es partid\u00e1rias, a escolha de candidatos \u2013 prefeito, vice-prefeito e vereadores \u2013 e o sorteio dos n\u00fameros para os candidatos aos [&hellip;]<\/p>\n","protected":false},"author":3,"featured_media":34397,"comment_status":"closed","ping_status":"closed","sticky":false,"template":"","format":"standard","meta":{"footnotes":""},"categories":[38,3],"tags":[],"class_list":{"0":"post-35733","1":"post","2":"type-post","3":"status-publish","4":"format-standard","5":"has-post-thumbnail","7":"category-municipios","8":"category-saocristovao"},"_links":{"self":[{"href":"https:\/\/senoticias.com.br\/se\/wp-json\/wp\/v2\/posts\/35733"}],"collection":[{"href":"https:\/\/senoticias.com.br\/se\/wp-json\/wp\/v2\/posts"}],"about":[{"href":"https:\/\/senoticias.com.br\/se\/wp-json\/wp\/v2\/types\/post"}],"author":[{"embeddable":true,"href":"https:\/\/senoticias.com.br\/se\/wp-json\/wp\/v2\/users\/3"}],"replies":[{"embeddable":true,"href":"https:\/\/senoticias.com.br\/se\/wp-json\/wp\/v2\/comments?post=35733"}],"version-history":[{"count":0,"href":"https:\/\/senoticias.com.br\/se\/wp-json\/wp\/v2\/posts\/35733\/revisions"}],"wp:featuredmedia":[{"embeddable":true,"href":"https:\/\/senoticias.com.br\/se\/wp-json\/wp\/v2\/media\/34397"}],"wp:attachment":[{"href":"https:\/\/senoticias.com.br\/se\/wp-json\/wp\/v2\/media?parent=35733"}],"wp:term":[{"taxonomy":"category","embeddable":true,"href":"https:\/\/senoticias.com.br\/se\/wp-json\/wp\/v2\/categories?post=35733"},{"taxonomy":"post_tag","embeddable":true,"href":"https:\/\/senoticias.com.br\/se\/wp-json\/wp\/v2\/tags?post=35733"}],"curies":[{"name":"wp","href":"https:\/\/api.w.org\/{rel}","templated":true}]}}