{"id":35724,"date":"2012-06-30T06:59:12","date_gmt":"2012-06-30T09:59:12","guid":{"rendered":"http:\/\/senoticias.com.br\/se\/?p=35724"},"modified":"2012-07-02T10:48:40","modified_gmt":"2012-07-02T13:48:40","slug":"apos-irmao-assumir-a-culpa-radialista-mucao-deixa-sede-da-pf-pe","status":"publish","type":"post","link":"https:\/\/senoticias.com.br\/se\/apos-irmao-assumir-a-culpa-radialista-mucao-deixa-sede-da-pf-pe\/","title":{"rendered":"Ap\u00f3s irm\u00e3o assumir a culpa, radialista Mu\u00e7\u00e3o deixa sede da PF-PE"},"content":{"rendered":"<p>&nbsp;<\/p>\n<div id=\"attachment_35725\" style=\"width: 310px\" class=\"wp-caption alignleft\"><a href=\"http:\/\/senoticias.com.br\/se\/wp-content\/uploads\/2012\/06\/mucao03.jpg\"><img loading=\"lazy\" decoding=\"async\" aria-describedby=\"caption-attachment-35725\" class=\"size-medium wp-image-35725\" title=\"mucao03\" src=\"http:\/\/senoticias.com.br\/se\/wp-content\/uploads\/2012\/06\/mucao03-300x146.jpg\" alt=\"\" width=\"300\" height=\"146\" srcset=\"https:\/\/senoticias.com.br\/se\/wp-content\/uploads\/2012\/06\/mucao03-300x146.jpg 300w, https:\/\/senoticias.com.br\/se\/wp-content\/uploads\/2012\/06\/mucao03-342x167.jpg 342w, https:\/\/senoticias.com.br\/se\/wp-content\/uploads\/2012\/06\/mucao03.jpg 470w\" sizes=\"(max-width: 300px) 100vw, 300px\" \/><\/a><p id=\"caption-attachment-35725\" class=\"wp-caption-text\">Os delegados Nilson Antunes e Kilma Caminha investigam o caso.(Reprodu\u00e7\u00e3o)<\/p><\/div>\n<p style=\"text-align: justify;\">Horas depois de o irm\u00e3o de Mu\u00e7\u00e3o assumir a culpa pelo envolvimento no esquema investigado pela Opera\u00e7\u00e3o Dirty-Net, o radialista teve o pedido de pris\u00e3o tempor\u00e1ria revogado e deixou a sede da Pol\u00edcia Federal de Pernambuco, no Cais do Apolo, Bairro do Recife, em um carro particular, na noite dessa sexta-feira (29), por volta das 22h. Ele dever\u00e1 falar com a imprensa neste s\u00e1bado.<\/p>\n<p style=\"text-align: justify;\">De acordo com a Pol\u00edcia Federal, o irm\u00e3o do radialista, cujo nome n\u00e3o foi divulgado, teria confirmado que utilizava os computadores e dispositivos eletr\u00f4nicos de Rodrigo Vieira Emerenciano, de 35 anos, o Mu\u00e7\u00e3o, para criar perfis de usu\u00e1rios, contas de e-mails e transferir dados.<\/p>\n<p style=\"text-align: justify;\">A delegada que investiga o caso, Kilma Caminha, disse que Mu\u00e7\u00e3o ficou bastante emocionado ao saber que o irm\u00e3o confessou o crime. A suspeita de que uma outra pessoa utilizava os computadores do radialista para o envio de v\u00eddeos e imagens contendo pornografia infantil surgiu durante o depoimento de Mu\u00e7\u00e3o.<\/p>\n<p style=\"text-align: justify;\">&#8220;Diante dos fatos, ele [Rodrigo Vieira] chegou \u00e0 conclus\u00e3o de que a \u00fanica pessoa que teria acesso \u00e0s resid\u00eancias e ao escrit\u00f3rio dele seria o irm\u00e3o&#8221;, afirmou. A partir disso, segundo Kilma, foram realizadas buscas e verificou-se a possibilidade de que o novo suspeito tenha criado perfis falsos com dados do irm\u00e3o e acessado conte\u00fados de pedofilia na internet.<\/p>\n<p style=\"text-align: justify;\">O conte\u00fado do iPhone e de um tablet apreendidos em Fortaleza com o radialista ser\u00e3o analisados no Recife. M\u00eddias como CDs, DVDs, e HD tamb\u00e9m foram recolhidas do escrit\u00f3rio do humorista na capital pernambucana para a investiga\u00e7\u00e3o.<\/p>\n<p style=\"text-align: justify;\">Em depoimento \u00e0 PF, o irm\u00e3o do radialista, que trabalhava na produ\u00e7\u00e3o do Programa do Mu\u00e7\u00e3o, assumiu a responsabilidade pela participa\u00e7\u00e3o no esquema que conta com envolvidos em 11 estados e no Distrito Federal.<\/p>\n<p style=\"text-align: justify;\">A delegada Kilma Caminha informou que o irm\u00e3o do comunicador pode pegar de quatro a dez anos de reclus\u00e3o por disponibilizar imagens de crian\u00e7as e adolescentes na internet, segundo o artigo 241 B do Estatuto da Crian\u00e7a e do Adolescente (ECA).<\/p>\n<p style=\"text-align: justify;\">Ao todo, a Opera\u00e7\u00e3o Dirty-Net cumpriu quatro mandados de busca e apreens\u00e3o, tr\u00eas sendo da Justi\u00e7a Federal do Cear\u00e1 e um da Justi\u00e7a Federal de Pernambuco. Os outros dois presos no Cear\u00e1, que n\u00e3o tiveram seu nomes divulgados assim como o pernambucano, tamb\u00e9m foram encaminhados \u00e0 sede da Pol\u00edcia Federal no Recife.<\/p>\n<p style=\"text-align: justify;\"><strong>A OPERA\u00c7\u00c3O &#8211;<\/strong> As pris\u00f5es fazem parte da Opera\u00e7\u00e3o Dirty-Net, da Pol\u00edcia Federal, que foi deflagrada na quinta em 11 estados brasileiros, al\u00e9m do Distrito Federal, para cumprir 50 mandados de busca e apreens\u00e3o e 15 de pris\u00e3o. Segundo a PF, integrantes do grupo trocavam arquivos contendo cenas degradantes de adolescentes, crian\u00e7as e at\u00e9 beb\u00eas em contexto de abuso sexual.<\/p>\n<p style=\"text-align: justify;\">Se condenados, os presos podem ter pena de 4 a 10 anos de reclus\u00e3o, pela Lei 8.069\/90 (Estatuto da Crian\u00e7a e do Adolescente), que criminaliza quem \u201cpossuir ou disponibilizar por qualquer meio, inclusive por meio de sistema de inform\u00e1tica ou telem\u00e1tico, fotografia, v\u00eddeo ou outro registro que contenha cena de sexo expl\u00edcito ou pornogr\u00e1fica envolvendo crian\u00e7a ou adolescente\u201d.<\/p>\n<p style=\"text-align: justify;\"><strong>Do NE10<\/strong><\/p>\n","protected":false},"excerpt":{"rendered":"<p>&nbsp; Horas depois de o irm\u00e3o de Mu\u00e7\u00e3o assumir a culpa pelo envolvimento no esquema investigado pela Opera\u00e7\u00e3o Dirty-Net, o radialista teve o pedido de pris\u00e3o tempor\u00e1ria revogado e deixou a sede da Pol\u00edcia Federal de Pernambuco, no Cais do Apolo, Bairro do Recife, em um carro particular, na noite dessa sexta-feira (29), por volta [&hellip;]<\/p>\n","protected":false},"author":3,"featured_media":35725,"comment_status":"closed","ping_status":"closed","sticky":false,"template":"","format":"standard","meta":{"footnotes":""},"categories":[7],"tags":[],"class_list":{"0":"post-35724","1":"post","2":"type-post","3":"status-publish","4":"format-standard","5":"has-post-thumbnail","7":"category-policia"},"_links":{"self":[{"href":"https:\/\/senoticias.com.br\/se\/wp-json\/wp\/v2\/posts\/35724"}],"collection":[{"href":"https:\/\/senoticias.com.br\/se\/wp-json\/wp\/v2\/posts"}],"about":[{"href":"https:\/\/senoticias.com.br\/se\/wp-json\/wp\/v2\/types\/post"}],"author":[{"embeddable":true,"href":"https:\/\/senoticias.com.br\/se\/wp-json\/wp\/v2\/users\/3"}],"replies":[{"embeddable":true,"href":"https:\/\/senoticias.com.br\/se\/wp-json\/wp\/v2\/comments?post=35724"}],"version-history":[{"count":0,"href":"https:\/\/senoticias.com.br\/se\/wp-json\/wp\/v2\/posts\/35724\/revisions"}],"wp:featuredmedia":[{"embeddable":true,"href":"https:\/\/senoticias.com.br\/se\/wp-json\/wp\/v2\/media\/35725"}],"wp:attachment":[{"href":"https:\/\/senoticias.com.br\/se\/wp-json\/wp\/v2\/media?parent=35724"}],"wp:term":[{"taxonomy":"category","embeddable":true,"href":"https:\/\/senoticias.com.br\/se\/wp-json\/wp\/v2\/categories?post=35724"},{"taxonomy":"post_tag","embeddable":true,"href":"https:\/\/senoticias.com.br\/se\/wp-json\/wp\/v2\/tags?post=35724"}],"curies":[{"name":"wp","href":"https:\/\/api.w.org\/{rel}","templated":true}]}}