{"id":35717,"date":"2012-06-29T23:03:17","date_gmt":"2012-06-30T02:03:17","guid":{"rendered":"http:\/\/senoticias.com.br\/se\/?p=35717"},"modified":"2012-07-01T22:36:42","modified_gmt":"2012-07-02T01:36:42","slug":"maria-lamenta-dificuldades-enfrentadas-por-gestantes-a-nossa-senhora-de-lourdes","status":"publish","type":"post","link":"https:\/\/senoticias.com.br\/se\/maria-lamenta-dificuldades-enfrentadas-por-gestantes-a-nossa-senhora-de-lourdes\/","title":{"rendered":"Maria lamenta dificuldades enfrentadas por gestantes na Nossa Senhora de Lourdes"},"content":{"rendered":"<div id=\"attachment_26268\" style=\"width: 310px\" class=\"wp-caption alignleft\"><a href=\"http:\/\/senoticias.com.br\/se\/wp-content\/uploads\/2012\/03\/Maria-do-Carmo.jpg\"><img loading=\"lazy\" decoding=\"async\" aria-describedby=\"caption-attachment-26268\" class=\"size-full wp-image-26268\" title=\"Maria do Carmo\" src=\"http:\/\/senoticias.com.br\/se\/wp-content\/uploads\/2012\/03\/Maria-do-Carmo.jpg\" alt=\"\" width=\"300\" height=\"215\" srcset=\"https:\/\/senoticias.com.br\/se\/wp-content\/uploads\/2012\/03\/Maria-do-Carmo.jpg 300w, https:\/\/senoticias.com.br\/se\/wp-content\/uploads\/2012\/03\/Maria-do-Carmo-90x65.jpg 90w\" sizes=\"(max-width: 300px) 100vw, 300px\" \/><\/a><p id=\"caption-attachment-26268\" class=\"wp-caption-text\">Senadora Maria do Carmo Nascimento Alves (DEM-SE). Foto\/Reprodu\u00e7\u00e3o<\/p><\/div>\n<p style=\"text-align: justify;\">A senadora Maria do Carmo Alves (DEM) lamentou a dif\u00edcil situa\u00e7\u00e3o das gestantes que precisam dar \u00e0 luz na maternidade Nossa Senhora de Aracaju, constru\u00edda no Governo de Jo\u00e3o Alves para atendimentos de alto risco.<\/p>\n<p style=\"text-align: justify;\">\u201cInfelizmente, todos os dias encontro mulheres nas ruas que relatam as dificuldades que v\u00eam enfrentando. S\u00e3o m\u00e3es de fam\u00edlias que encontram a unidade superlotada, sem atendimento adequado em virtude da inexist\u00eancia de profissionais ou por falta de simples equipamentos como macas e aspirador para sugar o l\u00edquido amni\u00f3tico\u201d, contou a democrata.<\/p>\n<p style=\"text-align: justify;\">Ela citou que recentemente a presidente do Sindicato dos Enfermeiros do Estado de Sergipe, Fl\u00e1via Brasileiro denunciou que a Unidade de Terapia Intensiva Neonatal estava com cerca de 77 beb\u00eas, quando a capacidade \u00e9 de 59. A den\u00fancia foi levada ao conhecimento do Minist\u00e9rio P\u00fablico.<\/p>\n<p style=\"text-align: justify;\">Maria afirmou que h\u00e1 relatos, inclusive, de parturientes que ficam no centro cir\u00fargico por falta de espa\u00e7os nas enfermarias. \u201cImagine uma m\u00e3e, num momento t\u00e3o delicado quanto a do parto, estarem expostas de qualquer jeito, sem as m\u00ednimas condi\u00e7\u00f5es de terem os seus beb\u00eas\u201d, observou a senadora, ao destacar que essa deve ser uma prioridade para qualquer gestor para evitar um surto, e consequentemente, a morte de m\u00e3e e de filhos.<\/p>\n<p style=\"text-align: justify;\"><strong><\/strong>Ela lembrou que, em recente entrevista \u00e0 imprensa sergipana, uma m\u00e9dica, ligada \u00e0 Sociedade Sergipana de Pediatria e do Conselho Regional de Medicina, que em 17 dias foram registrados 14 \u00f3bitos. Por ser uma maternidade de alta complexidade, o n\u00famero de mortes deveria ficar entre quatro e seis por m\u00eas.<\/p>\n<p style=\"text-align: justify;\"><strong>Ascom\/Bras\u00edlia<\/strong><\/p>\n","protected":false},"excerpt":{"rendered":"<p>A senadora Maria do Carmo Alves (DEM) lamentou a dif\u00edcil situa\u00e7\u00e3o das gestantes que precisam dar \u00e0 luz na maternidade Nossa Senhora de Aracaju, constru\u00edda no Governo de Jo\u00e3o Alves para atendimentos de alto risco. \u201cInfelizmente, todos os dias encontro mulheres nas ruas que relatam as dificuldades que v\u00eam enfrentando. S\u00e3o m\u00e3es de fam\u00edlias que [&hellip;]<\/p>\n","protected":false},"author":3,"featured_media":26268,"comment_status":"closed","ping_status":"closed","sticky":false,"template":"","format":"standard","meta":{"footnotes":""},"categories":[6],"tags":[],"class_list":{"0":"post-35717","1":"post","2":"type-post","3":"status-publish","4":"format-standard","5":"has-post-thumbnail","7":"category-politica"},"_links":{"self":[{"href":"https:\/\/senoticias.com.br\/se\/wp-json\/wp\/v2\/posts\/35717"}],"collection":[{"href":"https:\/\/senoticias.com.br\/se\/wp-json\/wp\/v2\/posts"}],"about":[{"href":"https:\/\/senoticias.com.br\/se\/wp-json\/wp\/v2\/types\/post"}],"author":[{"embeddable":true,"href":"https:\/\/senoticias.com.br\/se\/wp-json\/wp\/v2\/users\/3"}],"replies":[{"embeddable":true,"href":"https:\/\/senoticias.com.br\/se\/wp-json\/wp\/v2\/comments?post=35717"}],"version-history":[{"count":0,"href":"https:\/\/senoticias.com.br\/se\/wp-json\/wp\/v2\/posts\/35717\/revisions"}],"wp:featuredmedia":[{"embeddable":true,"href":"https:\/\/senoticias.com.br\/se\/wp-json\/wp\/v2\/media\/26268"}],"wp:attachment":[{"href":"https:\/\/senoticias.com.br\/se\/wp-json\/wp\/v2\/media?parent=35717"}],"wp:term":[{"taxonomy":"category","embeddable":true,"href":"https:\/\/senoticias.com.br\/se\/wp-json\/wp\/v2\/categories?post=35717"},{"taxonomy":"post_tag","embeddable":true,"href":"https:\/\/senoticias.com.br\/se\/wp-json\/wp\/v2\/tags?post=35717"}],"curies":[{"name":"wp","href":"https:\/\/api.w.org\/{rel}","templated":true}]}}