{"id":35714,"date":"2012-06-29T22:57:56","date_gmt":"2012-06-30T01:57:56","guid":{"rendered":"http:\/\/senoticias.com.br\/se\/?p=35714"},"modified":"2012-06-29T22:58:59","modified_gmt":"2012-06-30T01:58:59","slug":"getam-apreende-2kg-de-cocaina-e-15kg-de-maconha-no-alto-da-jaqueira","status":"publish","type":"post","link":"https:\/\/senoticias.com.br\/se\/getam-apreende-2kg-de-cocaina-e-15kg-de-maconha-no-alto-da-jaqueira\/","title":{"rendered":"Getam apreende 2Kg de coca\u00edna e 1,5Kg de maconha no Alto da Jaqueira"},"content":{"rendered":"<p style=\"text-align: justify;\"><a href=\"http:\/\/senoticias.com.br\/se\/wp-content\/uploads\/2012\/05\/Getam.jpg\"><img loading=\"lazy\" decoding=\"async\" class=\"alignleft size-full wp-image-31730\" title=\"Getam\" src=\"http:\/\/senoticias.com.br\/se\/wp-content\/uploads\/2012\/05\/Getam.jpg\" alt=\"\" width=\"285\" height=\"216\" srcset=\"https:\/\/senoticias.com.br\/se\/wp-content\/uploads\/2012\/05\/Getam.jpg 285w, https:\/\/senoticias.com.br\/se\/wp-content\/uploads\/2012\/05\/Getam-60x45.jpg 60w, https:\/\/senoticias.com.br\/se\/wp-content\/uploads\/2012\/05\/Getam-150x113.jpg 150w\" sizes=\"(max-width: 285px) 100vw, 285px\" \/><\/a>A Pol\u00edcia Militar, atrav\u00e9s do Grupamento Especial T\u00e1tico de Motos (Getam), prendeu na quinta-feira, 28, Albino Luciano Ramos da Concei\u00e7\u00e3o, 33 anos, suspeito de envolvimento com tr\u00e1fico de drogas.<\/p>\n<p style=\"text-align: justify;\">A a\u00e7\u00e3o aconteceu no Alto da Jaqueira, em Aracaju, atrav\u00e9s de den\u00fancia an\u00f4nima. No quarto do homem, a PM encontrou 1,5kg de maconha prensada. J\u00e1 no quintal do suspeito, a PM localizou 2kg de maconha escondido em um buraco. O caso foi encaminhado ao Departamento de Narc\u00f3ticos da Pol\u00edcia Civil (Denarc).<\/p>\n","protected":false},"excerpt":{"rendered":"<p>A Pol\u00edcia Militar, atrav\u00e9s do Grupamento Especial T\u00e1tico de Motos (Getam), prendeu na quinta-feira, 28, Albino Luciano Ramos da Concei\u00e7\u00e3o, 33 anos, suspeito de envolvimento com tr\u00e1fico de drogas. A a\u00e7\u00e3o aconteceu no Alto da Jaqueira, em Aracaju, atrav\u00e9s de den\u00fancia an\u00f4nima. No quarto do homem, a PM encontrou 1,5kg de maconha prensada. J\u00e1 no [&hellip;]<\/p>\n","protected":false},"author":3,"featured_media":31730,"comment_status":"closed","ping_status":"closed","sticky":false,"template":"","format":"standard","meta":{"footnotes":""},"categories":[7],"tags":[],"class_list":{"0":"post-35714","1":"post","2":"type-post","3":"status-publish","4":"format-standard","5":"has-post-thumbnail","7":"category-policia"},"_links":{"self":[{"href":"https:\/\/senoticias.com.br\/se\/wp-json\/wp\/v2\/posts\/35714"}],"collection":[{"href":"https:\/\/senoticias.com.br\/se\/wp-json\/wp\/v2\/posts"}],"about":[{"href":"https:\/\/senoticias.com.br\/se\/wp-json\/wp\/v2\/types\/post"}],"author":[{"embeddable":true,"href":"https:\/\/senoticias.com.br\/se\/wp-json\/wp\/v2\/users\/3"}],"replies":[{"embeddable":true,"href":"https:\/\/senoticias.com.br\/se\/wp-json\/wp\/v2\/comments?post=35714"}],"version-history":[{"count":0,"href":"https:\/\/senoticias.com.br\/se\/wp-json\/wp\/v2\/posts\/35714\/revisions"}],"wp:featuredmedia":[{"embeddable":true,"href":"https:\/\/senoticias.com.br\/se\/wp-json\/wp\/v2\/media\/31730"}],"wp:attachment":[{"href":"https:\/\/senoticias.com.br\/se\/wp-json\/wp\/v2\/media?parent=35714"}],"wp:term":[{"taxonomy":"category","embeddable":true,"href":"https:\/\/senoticias.com.br\/se\/wp-json\/wp\/v2\/categories?post=35714"},{"taxonomy":"post_tag","embeddable":true,"href":"https:\/\/senoticias.com.br\/se\/wp-json\/wp\/v2\/tags?post=35714"}],"curies":[{"name":"wp","href":"https:\/\/api.w.org\/{rel}","templated":true}]}}