{"id":35696,"date":"2012-06-29T07:40:00","date_gmt":"2012-06-29T10:40:00","guid":{"rendered":"http:\/\/senoticias.com.br\/se\/?p=35696"},"modified":"2012-06-30T14:04:26","modified_gmt":"2012-06-30T17:04:26","slug":"ricardo-teixeira-ainda-recebe-salario-da-cbf","status":"publish","type":"post","link":"https:\/\/senoticias.com.br\/se\/ricardo-teixeira-ainda-recebe-salario-da-cbf\/","title":{"rendered":"Ricardo Teixeira ainda recebe sal\u00e1rio da CBF"},"content":{"rendered":"<div id=\"attachment_15740\" style=\"width: 310px\" class=\"wp-caption alignleft\"><a href=\"http:\/\/senoticias.com.br\/se\/wp-content\/uploads\/2011\/10\/Ricardo-Teixeira.jpeg\"><img loading=\"lazy\" decoding=\"async\" aria-describedby=\"caption-attachment-15740\" class=\"size-medium wp-image-15740\" title=\"Ricardo Teixeira\" src=\"http:\/\/senoticias.com.br\/se\/wp-content\/uploads\/2011\/10\/Ricardo-Teixeira-300x200.jpg\" alt=\"\" width=\"300\" height=\"200\" srcset=\"https:\/\/senoticias.com.br\/se\/wp-content\/uploads\/2011\/10\/Ricardo-Teixeira-300x200.jpg 300w, https:\/\/senoticias.com.br\/se\/wp-content\/uploads\/2011\/10\/Ricardo-Teixeira-342x228.jpg 342w, https:\/\/senoticias.com.br\/se\/wp-content\/uploads\/2011\/10\/Ricardo-Teixeira.jpeg 550w\" sizes=\"(max-width: 300px) 100vw, 300px\" \/><\/a><p id=\"caption-attachment-15740\" class=\"wp-caption-text\">Ricardo Teixeira deixou o poder em mar\u00e7o por press\u00e3o do governo federal e da c\u00fapula da Fifa. (Reprodu\u00e7\u00e3o)<\/p><\/div>\n<p style=\"text-align: justify;\">Pressionado pelo governo federal e pela Fifa, Ricardo Teixeira renunciou \u00e0 presid\u00eancia da CBF h\u00e1 mais de tr\u00eas meses, alegando que precisava cuidar da sa\u00fade.<\/p>\n<p style=\"text-align: justify;\">Longe do Brasil, o cartola deixou o comando da confedera\u00e7\u00e3o, mas ainda recebe pagamentos da entidade que dirigiu por 23 anos.<\/p>\n<p style=\"text-align: justify;\">Morando em Miami desde ent\u00e3o, o ex-presidente ganha de Jos\u00e9 Maria Marin, seu sucessor, mais do que amealhava como dirigente. Na nova gest\u00e3o, os dep\u00f3sitos para Teixeira continuam sendo feitos na ag\u00eancia do Ita\u00fa localizada no condom\u00ednio onde funciona a sede da CBF, no Rio.<\/p>\n<p style=\"text-align: justify;\">A primeira libera\u00e7\u00e3o de pagamento foi autorizada no dia 30 de mar\u00e7o. Segundo o border\u00f4 da entidade, o dirigente foi autorizado a receber R$ 105 mil. Como presidente da confedera\u00e7\u00e3o, ele ganhava R$ 98 mil mensais.<\/p>\n<p style=\"text-align: justify;\">A opera\u00e7\u00e3o foi repetida no final do m\u00eas seguinte. Em 30 de abril, a CBF liberou um dep\u00f3sito ainda maior. De acordo com o border\u00f4 daquele dia, o cartola recebeu R$ 120 mil. Em maio, a entidade fez nova libera\u00e7\u00e3o. A reportagem n\u00e3o conseguiu precisar o valor que foi concedido.<\/p>\n<p style=\"text-align: justify;\">Na nova CBF, Teixeira recebe como uma esp\u00e9cie de assessor especial da presid\u00eancia. A fun\u00e7\u00e3o tamb\u00e9m \u00e9 exercida pelo presidente da Federa\u00e7\u00e3o Paulista de Futebol, Marco Polo Del Nero.<\/p>\n<p style=\"text-align: justify;\">O cartola tamb\u00e9m \u00e9 remunerado na CBF. Desde o in\u00edcio da gest\u00e3o Marin, ele recebe mensalmente cerca de R$ 130 mil da confedera\u00e7\u00e3o.<\/p>\n<p style=\"text-align: justify;\">O paulista deve ser nomeado hoje vice-presidente da regi\u00e3o Sudeste. Por ser o mais velho dos vices, Del Nero, 71, ser\u00e1 o substituto de Marin em caso de eventual problema com o atual mandat\u00e1rio.<\/p>\n<p style=\"text-align: justify;\">Marin sucedeu Teixeira gra\u00e7as a Del Nero. H\u00e1 cerca de quatro anos, o cartola da federa\u00e7\u00e3o paulista indicou o antigo pol\u00edtico para ocupar uma das vice-presid\u00eancias.<\/p>\n<p style=\"text-align: justify;\">Fora dos holofotes desde o dia 12 de mar\u00e7o, quando enviou de Miami sua carta de ren\u00fancia, Teixeira permanece influente na entidade. Funcion\u00e1rios o informam semanalmente sobre a movimenta\u00e7\u00e3o financeira da CBF.<\/p>\n<p style=\"text-align: justify;\">No in\u00edcio deste m\u00eas, Marin se encontrou pessoalmente com seu antecessor.<\/p>\n<p style=\"text-align: justify;\">No exterior, eles conversaram sobre os bastidores da Fifa e do futebol nacional, al\u00e9m de terem discutido a organiza\u00e7\u00e3o da Copa. Teixeira presidia tamb\u00e9m o Comit\u00ea Organizador Local de 2014.<\/p>\n<p style=\"text-align: justify;\"><strong>DENTRO E FORA<\/strong><\/p>\n<p style=\"text-align: justify;\">Teixeira deixou o poder em mar\u00e7o por press\u00e3o do governo federal e da c\u00fapula da Fifa. Ele era alvo de den\u00fancias de corrup\u00e7\u00e3o tanto no Brasil quanto no exterior.<\/p>\n<p style=\"text-align: justify;\">No pa\u00eds, a Folha demonstrou sua liga\u00e7\u00e3o com a Ailanto Marketing, acusada de desvio de dinheiro p\u00fablico em amistoso entre Brasil e Portugal, em 2008, no DF.<\/p>\n<p style=\"text-align: justify;\">No exterior, Teixeira era amea\u00e7ado de ser expulso da Fifa por suposto envolvimento com o caso ISL, maior esc\u00e2ndalo de corrup\u00e7\u00e3o da entidade. Ap\u00f3s renunciar \u00e0 presid\u00eancia da CBF, abriu m\u00e3o tamb\u00e9m dos cargos na Fifa.<\/p>\n<p style=\"text-align: justify;\"><span style=\"color: #333333;\"><strong>PRESIDENTE N\u00c3O COMENTA GANHO DE ANTECESSOR<\/strong><\/span><\/p>\n<p style=\"text-align: justify;\">Marin n\u00e3o se pronunciou sobre a manuten\u00e7\u00e3o dos pagamentos feitos a Ricardo Teixeira.<\/p>\n<p style=\"text-align: justify;\">Desde as 15h de ontem, a Folha tentou localizar o dirigente por meio da assessoria da entidade.<\/p>\n<p style=\"text-align: justify;\">Marin havia participado de uma s\u00e9rie de eventos em Bras\u00edlia pela manh\u00e3 com dirigentes da Fifa e do governo federal e estava em tr\u00e2nsito.<\/p>\n<p style=\"text-align: justify;\">O dirigente participa hoje da assembleia geral da confedera\u00e7\u00e3o, que reunir\u00e1 os presidentes de federa\u00e7\u00f5es e os representantes dos 20 clubes que disputam a primeira divis\u00e3o do Campeonato Brasileiro.<\/p>\n<p style=\"text-align: justify;\">O dirigente deve falar hoje sobre os pagamentos a Ricardo Teixeira.<\/p>\n<p style=\"text-align: justify;\">Vivendo em Miami desde mar\u00e7o, Teixeira n\u00e3o foi encontrado para comentar o assunto. A reportagem ligou para a casa dele no Rio e para seu celular, mas n\u00e3o teve resposta.<\/p>\n<p style=\"text-align: justify;\">Na reuni\u00e3o de hoje na CBF, o presidente da Federa\u00e7\u00e3o Paulista de Futebol, Marco Polo Del Nero, ser\u00e1 eleito vice-presidente da regi\u00e3o Sudeste.<\/p>\n<p style=\"text-align: justify;\">Pelas normas da CBF, apenas Rio e S\u00e3o Paulo podem apontar candidatos.<\/p>\n<p style=\"text-align: justify;\">Ele deve ser eleito com facilidade. O Rio n\u00e3o indicou candidato.<\/p>\n<p style=\"text-align: justify;\"><span style=\"color: #333333;\"><strong>Folha UOL<\/strong><\/span><\/p>\n","protected":false},"excerpt":{"rendered":"<p>Pressionado pelo governo federal e pela Fifa, Ricardo Teixeira renunciou \u00e0 presid\u00eancia da CBF h\u00e1 mais de tr\u00eas meses, alegando que precisava cuidar da sa\u00fade. Longe do Brasil, o cartola deixou o comando da confedera\u00e7\u00e3o, mas ainda recebe pagamentos da entidade que dirigiu por 23 anos. Morando em Miami desde ent\u00e3o, o ex-presidente ganha de [&hellip;]<\/p>\n","protected":false},"author":3,"featured_media":15740,"comment_status":"closed","ping_status":"closed","sticky":false,"template":"","format":"standard","meta":{"footnotes":""},"categories":[39,8],"tags":[],"class_list":{"0":"post-35696","1":"post","2":"type-post","3":"status-publish","4":"format-standard","5":"has-post-thumbnail","7":"category-esporte","8":"category-esporte-e-cultura"},"_links":{"self":[{"href":"https:\/\/senoticias.com.br\/se\/wp-json\/wp\/v2\/posts\/35696"}],"collection":[{"href":"https:\/\/senoticias.com.br\/se\/wp-json\/wp\/v2\/posts"}],"about":[{"href":"https:\/\/senoticias.com.br\/se\/wp-json\/wp\/v2\/types\/post"}],"author":[{"embeddable":true,"href":"https:\/\/senoticias.com.br\/se\/wp-json\/wp\/v2\/users\/3"}],"replies":[{"embeddable":true,"href":"https:\/\/senoticias.com.br\/se\/wp-json\/wp\/v2\/comments?post=35696"}],"version-history":[{"count":0,"href":"https:\/\/senoticias.com.br\/se\/wp-json\/wp\/v2\/posts\/35696\/revisions"}],"wp:featuredmedia":[{"embeddable":true,"href":"https:\/\/senoticias.com.br\/se\/wp-json\/wp\/v2\/media\/15740"}],"wp:attachment":[{"href":"https:\/\/senoticias.com.br\/se\/wp-json\/wp\/v2\/media?parent=35696"}],"wp:term":[{"taxonomy":"category","embeddable":true,"href":"https:\/\/senoticias.com.br\/se\/wp-json\/wp\/v2\/categories?post=35696"},{"taxonomy":"post_tag","embeddable":true,"href":"https:\/\/senoticias.com.br\/se\/wp-json\/wp\/v2\/tags?post=35696"}],"curies":[{"name":"wp","href":"https:\/\/api.w.org\/{rel}","templated":true}]}}