{"id":35690,"date":"2012-06-29T07:25:43","date_gmt":"2012-06-29T10:25:43","guid":{"rendered":"http:\/\/senoticias.com.br\/se\/?p=35690"},"modified":"2012-06-29T13:31:55","modified_gmt":"2012-06-29T16:31:55","slug":"marcelo-deda-transfere-cargo-para-jackson-barreto-devido-viagem-a-alemanha","status":"publish","type":"post","link":"https:\/\/senoticias.com.br\/se\/marcelo-deda-transfere-cargo-para-jackson-barreto-devido-viagem-a-alemanha\/","title":{"rendered":"Marcelo D\u00e9da transfere cargo para Jackson Barreto devido viagem \u00e0 Alemanha"},"content":{"rendered":"<div id=\"attachment_28842\" style=\"width: 310px\" class=\"wp-caption alignleft\"><a href=\"http:\/\/senoticias.com.br\/se\/wp-content\/uploads\/2012\/04\/image1.jpeg\"><img loading=\"lazy\" decoding=\"async\" aria-describedby=\"caption-attachment-28842\" class=\"size-medium wp-image-28842\" title=\"D\u00e9da e Jackson\" src=\"http:\/\/senoticias.com.br\/se\/wp-content\/uploads\/2012\/04\/image1-300x199.jpg\" alt=\"\" width=\"300\" height=\"199\" srcset=\"https:\/\/senoticias.com.br\/se\/wp-content\/uploads\/2012\/04\/image1-300x199.jpg 300w, https:\/\/senoticias.com.br\/se\/wp-content\/uploads\/2012\/04\/image1-342x227.jpg 342w, https:\/\/senoticias.com.br\/se\/wp-content\/uploads\/2012\/04\/image1.jpeg 700w\" sizes=\"(max-width: 300px) 100vw, 300px\" \/><\/a><p id=\"caption-attachment-28842\" class=\"wp-caption-text\">D\u00e9da transfere cargo para Jackson Barreto devido viagem \u00e0 Alemanha \/ Foto: Marcelle Cristinne\/ASN<\/p><\/div>\n<p style=\"text-align: justify;\">No final da manh\u00e3 desta quinta-feira, 28, o governador Marcelo D\u00e9da transmitiu seu cargo ao vice-governador Jackson Barreto.\u00a0 O ato foi formalizado em reuni\u00e3o na sala da Infraero, no Aeroporto Santa Maria. D\u00e9da estar\u00e1 ausente durante oito dias, em decorr\u00eancia de viagem oficial \u00e0 Europa para participar do Encontro Econ\u00f4mico Brasil\/Alemanha.<\/p>\n<p style=\"text-align: justify;\">O evento \u00e9 promovido pelas Entidades Empresariais e busca examinar os impactos da crise econ\u00f4mica mundial para debater e discutir a constru\u00e7\u00e3o de novos cen\u00e1rios de coopera\u00e7\u00e3o entre os setores p\u00fablicos e privados dos dois pa\u00edses. Na ocasi\u00e3o, Marcelo D\u00e9da apresentar\u00e1 as potencialidades econ\u00f4micas e de investimentos existentes no Estado de Sergipe.<\/p>\n<p style=\"text-align: justify;\">\u201cEstamos indo para um encontro que reunir\u00e1 as principais ind\u00fastrias da Alemanha e do Brasil para apresentar as possibilidades de investimento de Sergipe, conhecer projetos de investimentos brasileiros em ind\u00fastrias alem\u00e3s e buscar atrair esses investimentos para Sergipe, a partir da divulga\u00e7\u00e3o de nossa potencialidade econ\u00f4mica. Nossos interesses s\u00e3o nos investidores de energia e\u00f3lica, que passaremos a produzir e a Alemanha tem assumido uma lideran\u00e7a na Europa na \u00e1rea de energia e\u00f3lica, desenvolvendo tecnologia e uma forte ind\u00fastria de componentes\u201d, afirmou Marcelo D\u00e9da.<\/p>\n<p style=\"text-align: justify;\">A transmiss\u00e3o de cargo segue a Constitui\u00e7\u00e3o Federal e reflete o amadurecimento da democracia. Jackson Barreto assume o Executivo pela quarta vez.\u00a0 Ele esteve \u00e0 frente do executivo estadual em abril e outubro de 2011 e janeiro de 2012.<\/p>\n<p style=\"text-align: justify;\">Acompanham o governador o secret\u00e1rio de Estado do Desenvolvimento Econ\u00f4mico e da Ci\u00eancia e Tecnologia, Saum\u00edneo da Silva Nascimento; o chefe do Escrit\u00f3rio de Representa\u00e7\u00e3o de Sergipe, em Bras\u00edlia, Pedro Marcos Lopes; e o presidente da Segrase, Jorge Carvalho do Nascimento.<\/p>\n<p style=\"text-align: justify;\">Participaram da solenidade de transmiss\u00e3o de cargo os secret\u00e1rios de Estado de Comunica\u00e7\u00e3o, Carlos Cau\u00ea; da Casa Civil, Jorge Alberto; de Sa\u00fade, Silvio Santos; de Esporte e Lazer, Maur\u00edcio Pimentel, e o subsecret\u00e1rio de Articula\u00e7\u00e3o Pol\u00edtica, Jorge Ara\u00fajo.<\/p>\n<p style=\"text-align: justify;\"><span style=\"color: #333333;\"><em><strong>Ag\u00eancia Sergipe de Not\u00edcias<\/strong><\/em><\/span><\/p>\n","protected":false},"excerpt":{"rendered":"<p>No final da manh\u00e3 desta quinta-feira, 28, o governador Marcelo D\u00e9da transmitiu seu cargo ao vice-governador Jackson Barreto.\u00a0 O ato foi formalizado em reuni\u00e3o na sala da Infraero, no Aeroporto Santa Maria. D\u00e9da estar\u00e1 ausente durante oito dias, em decorr\u00eancia de viagem oficial \u00e0 Europa para participar do Encontro Econ\u00f4mico Brasil\/Alemanha. O evento \u00e9 promovido [&hellip;]<\/p>\n","protected":false},"author":3,"featured_media":28842,"comment_status":"closed","ping_status":"closed","sticky":false,"template":"","format":"standard","meta":{"footnotes":""},"categories":[6],"tags":[],"class_list":{"0":"post-35690","1":"post","2":"type-post","3":"status-publish","4":"format-standard","5":"has-post-thumbnail","7":"category-politica"},"_links":{"self":[{"href":"https:\/\/senoticias.com.br\/se\/wp-json\/wp\/v2\/posts\/35690"}],"collection":[{"href":"https:\/\/senoticias.com.br\/se\/wp-json\/wp\/v2\/posts"}],"about":[{"href":"https:\/\/senoticias.com.br\/se\/wp-json\/wp\/v2\/types\/post"}],"author":[{"embeddable":true,"href":"https:\/\/senoticias.com.br\/se\/wp-json\/wp\/v2\/users\/3"}],"replies":[{"embeddable":true,"href":"https:\/\/senoticias.com.br\/se\/wp-json\/wp\/v2\/comments?post=35690"}],"version-history":[{"count":0,"href":"https:\/\/senoticias.com.br\/se\/wp-json\/wp\/v2\/posts\/35690\/revisions"}],"wp:featuredmedia":[{"embeddable":true,"href":"https:\/\/senoticias.com.br\/se\/wp-json\/wp\/v2\/media\/28842"}],"wp:attachment":[{"href":"https:\/\/senoticias.com.br\/se\/wp-json\/wp\/v2\/media?parent=35690"}],"wp:term":[{"taxonomy":"category","embeddable":true,"href":"https:\/\/senoticias.com.br\/se\/wp-json\/wp\/v2\/categories?post=35690"},{"taxonomy":"post_tag","embeddable":true,"href":"https:\/\/senoticias.com.br\/se\/wp-json\/wp\/v2\/tags?post=35690"}],"curies":[{"name":"wp","href":"https:\/\/api.w.org\/{rel}","templated":true}]}}