{"id":35683,"date":"2012-06-28T23:44:26","date_gmt":"2012-06-29T02:44:26","guid":{"rendered":"http:\/\/senoticias.com.br\/se\/?p=35683"},"modified":"2012-06-30T11:49:53","modified_gmt":"2012-06-30T14:49:53","slug":"deputada-conceicao-vieira-e-a-vice-de-valadares-filho","status":"publish","type":"post","link":"https:\/\/senoticias.com.br\/se\/deputada-conceicao-vieira-e-a-vice-de-valadares-filho\/","title":{"rendered":"Deputada Concei\u00e7\u00e3o Vieira \u00e9 a vice de Valadares Filho"},"content":{"rendered":"<div id=\"attachment_27754\" style=\"width: 286px\" class=\"wp-caption alignleft\"><a href=\"http:\/\/senoticias.com.br\/se\/wp-content\/uploads\/2012\/03\/Concei%C3%A7%C3%A3o-Vieira.jpg\"><img loading=\"lazy\" decoding=\"async\" aria-describedby=\"caption-attachment-27754\" class=\"size-full wp-image-27754\" title=\"Concei\u00e7\u00e3o Vieira\" src=\"http:\/\/senoticias.com.br\/se\/wp-content\/uploads\/2012\/03\/Concei%C3%A7%C3%A3o-Vieira.jpg\" alt=\"\" width=\"276\" height=\"183\" \/><\/a><p id=\"caption-attachment-27754\" class=\"wp-caption-text\">Deputada Concei\u00e7\u00e3o Vieira (PT), candidata a vice de Valadares Filho. (Foto: reprodu\u00e7\u00e3o)<\/p><\/div>\n<p style=\"text-align: justify;\">O PT decidiu na tarde desta quinta-feira (28), que a deputada estadual Concei\u00e7\u00e3o Vieira (PT) \u00e9 a pr\u00e9-candidata a vice-prefeita na chapa a ser encabe\u00e7ada pelo deputado federal Valadares filho (PSB).<\/p>\n<p style=\"text-align: justify;\">A chapa ser\u00e1 confirmada pelo Partido dos Trabalhadores, sob a coordena\u00e7\u00e3o do governador Marcelo D\u00e9da (PT), que indicou o nome da deputada estadual Concei\u00e7\u00e3o Vieira para a vaga de candidata a vice-prefeito na chapa do PSB, a ser homologado na conven\u00e7\u00e3o do PT\u00a0 no pr\u00f3ximo s\u00e1bado.<\/p>\n<p style=\"text-align: justify;\"><span style=\"color: #333333;\"><strong>Por SE Not\u00edcias<\/strong><\/span><\/p>\n","protected":false},"excerpt":{"rendered":"<p>O PT decidiu na tarde desta quinta-feira (28), que a deputada estadual Concei\u00e7\u00e3o Vieira (PT) \u00e9 a pr\u00e9-candidata a vice-prefeita na chapa a ser encabe\u00e7ada pelo deputado federal Valadares filho (PSB). A chapa ser\u00e1 confirmada pelo Partido dos Trabalhadores, sob a coordena\u00e7\u00e3o do governador Marcelo D\u00e9da (PT), que indicou o nome da deputada estadual Concei\u00e7\u00e3o [&hellip;]<\/p>\n","protected":false},"author":3,"featured_media":27754,"comment_status":"closed","ping_status":"closed","sticky":false,"template":"","format":"standard","meta":{"footnotes":""},"categories":[6],"tags":[],"class_list":{"0":"post-35683","1":"post","2":"type-post","3":"status-publish","4":"format-standard","5":"has-post-thumbnail","7":"category-politica"},"_links":{"self":[{"href":"https:\/\/senoticias.com.br\/se\/wp-json\/wp\/v2\/posts\/35683"}],"collection":[{"href":"https:\/\/senoticias.com.br\/se\/wp-json\/wp\/v2\/posts"}],"about":[{"href":"https:\/\/senoticias.com.br\/se\/wp-json\/wp\/v2\/types\/post"}],"author":[{"embeddable":true,"href":"https:\/\/senoticias.com.br\/se\/wp-json\/wp\/v2\/users\/3"}],"replies":[{"embeddable":true,"href":"https:\/\/senoticias.com.br\/se\/wp-json\/wp\/v2\/comments?post=35683"}],"version-history":[{"count":0,"href":"https:\/\/senoticias.com.br\/se\/wp-json\/wp\/v2\/posts\/35683\/revisions"}],"wp:featuredmedia":[{"embeddable":true,"href":"https:\/\/senoticias.com.br\/se\/wp-json\/wp\/v2\/media\/27754"}],"wp:attachment":[{"href":"https:\/\/senoticias.com.br\/se\/wp-json\/wp\/v2\/media?parent=35683"}],"wp:term":[{"taxonomy":"category","embeddable":true,"href":"https:\/\/senoticias.com.br\/se\/wp-json\/wp\/v2\/categories?post=35683"},{"taxonomy":"post_tag","embeddable":true,"href":"https:\/\/senoticias.com.br\/se\/wp-json\/wp\/v2\/tags?post=35683"}],"curies":[{"name":"wp","href":"https:\/\/api.w.org\/{rel}","templated":true}]}}