{"id":35595,"date":"2012-06-28T07:30:51","date_gmt":"2012-06-28T10:30:51","guid":{"rendered":"http:\/\/senoticias.com.br\/se\/?p=35595"},"modified":"2012-06-28T08:51:39","modified_gmt":"2012-06-28T11:51:39","slug":"mauricio-mattar-e-elba-ramalho-festejam-aniversario-do-filho","status":"publish","type":"post","link":"https:\/\/senoticias.com.br\/se\/mauricio-mattar-e-elba-ramalho-festejam-aniversario-do-filho\/","title":{"rendered":"Maur\u00edcio Mattar e Elba Ramalho festejam anivers\u00e1rio do filho"},"content":{"rendered":"<p style=\"text-align: justify;\">Maur\u00edcio Mattar e Elba Ramalho &#8211; que foram casados nos anos 1980 &#8211; se juntaram para comemorar o anivers\u00e1rio de 25 anos do filho, Lu\u00e3. O rapaz festejou a idade nova neste domingo, 24. Lu\u00e3 passou quatro anos e meio na Universidade de Berklee, em Boston, nos EUA, onde se formou em maestro. Sua formatura foi no dia12 de maio.<\/p>\n<div id=\"attachment_35596\" style=\"width: 605px\" class=\"wp-caption aligncenter\"><a href=\"http:\/\/senoticias.com.br\/se\/wp-content\/uploads\/2012\/06\/foto_2.jpg\"><img loading=\"lazy\" decoding=\"async\" aria-describedby=\"caption-attachment-35596\" class=\"size-full wp-image-35596\" title=\"foto_2\" src=\"http:\/\/senoticias.com.br\/se\/wp-content\/uploads\/2012\/06\/foto_2.jpg\" alt=\"\" width=\"595\" height=\"444\" srcset=\"https:\/\/senoticias.com.br\/se\/wp-content\/uploads\/2012\/06\/foto_2.jpg 595w, https:\/\/senoticias.com.br\/se\/wp-content\/uploads\/2012\/06\/foto_2-300x223.jpg 300w, https:\/\/senoticias.com.br\/se\/wp-content\/uploads\/2012\/06\/foto_2-342x255.jpg 342w, https:\/\/senoticias.com.br\/se\/wp-content\/uploads\/2012\/06\/foto_2-60x45.jpg 60w, https:\/\/senoticias.com.br\/se\/wp-content\/uploads\/2012\/06\/foto_2-150x113.jpg 150w, https:\/\/senoticias.com.br\/se\/wp-content\/uploads\/2012\/06\/foto_2-269x201.jpg 269w\" sizes=\"(max-width: 595px) 100vw, 595px\" \/><\/a><p id=\"caption-attachment-35596\" class=\"wp-caption-text\">Maur\u00edcio Mattar e Elba Ramalho com Lu\u00e3 (Foto: Daniel Delmiro \/ AgNews)<\/p><\/div>\n<p>&nbsp;<\/p>\n<p><span style=\"color: #333333;\"><strong>Clique<a href=\" http:\/\/ego.globo.com\/famosos\/noticia\/2012\/06\/mauricio-mattar-e-elba-ramalho-festejam-aniversario-do-filho.html?noAudience=true\" target=\"_blank\"> aqui<\/a> e veja a mat\u00e9ria completa<\/strong><\/span><\/p>\n","protected":false},"excerpt":{"rendered":"<p>Maur\u00edcio Mattar e Elba Ramalho &#8211; que foram casados nos anos 1980 &#8211; se juntaram para comemorar o anivers\u00e1rio de 25 anos do filho, Lu\u00e3. O rapaz festejou a idade nova neste domingo, 24. Lu\u00e3 passou quatro anos e meio na Universidade de Berklee, em Boston, nos EUA, onde se formou em maestro. Sua formatura [&hellip;]<\/p>\n","protected":false},"author":3,"featured_media":35596,"comment_status":"closed","ping_status":"closed","sticky":false,"template":"","format":"standard","meta":{"footnotes":""},"categories":[22,38],"tags":[],"class_list":{"0":"post-35595","1":"post","2":"type-post","3":"status-publish","4":"format-standard","5":"has-post-thumbnail","7":"category-famosos","8":"category-municipios"},"_links":{"self":[{"href":"https:\/\/senoticias.com.br\/se\/wp-json\/wp\/v2\/posts\/35595"}],"collection":[{"href":"https:\/\/senoticias.com.br\/se\/wp-json\/wp\/v2\/posts"}],"about":[{"href":"https:\/\/senoticias.com.br\/se\/wp-json\/wp\/v2\/types\/post"}],"author":[{"embeddable":true,"href":"https:\/\/senoticias.com.br\/se\/wp-json\/wp\/v2\/users\/3"}],"replies":[{"embeddable":true,"href":"https:\/\/senoticias.com.br\/se\/wp-json\/wp\/v2\/comments?post=35595"}],"version-history":[{"count":0,"href":"https:\/\/senoticias.com.br\/se\/wp-json\/wp\/v2\/posts\/35595\/revisions"}],"wp:featuredmedia":[{"embeddable":true,"href":"https:\/\/senoticias.com.br\/se\/wp-json\/wp\/v2\/media\/35596"}],"wp:attachment":[{"href":"https:\/\/senoticias.com.br\/se\/wp-json\/wp\/v2\/media?parent=35595"}],"wp:term":[{"taxonomy":"category","embeddable":true,"href":"https:\/\/senoticias.com.br\/se\/wp-json\/wp\/v2\/categories?post=35595"},{"taxonomy":"post_tag","embeddable":true,"href":"https:\/\/senoticias.com.br\/se\/wp-json\/wp\/v2\/tags?post=35595"}],"curies":[{"name":"wp","href":"https:\/\/api.w.org\/{rel}","templated":true}]}}