{"id":35580,"date":"2012-06-28T07:44:13","date_gmt":"2012-06-28T10:44:13","guid":{"rendered":"http:\/\/senoticias.com.br\/se\/?p=35580"},"modified":"2012-06-29T07:25:09","modified_gmt":"2012-06-29T10:25:09","slug":"vereador-jailton-adverte-que-empresas-envolvidas-em-corrupcao-participam-de-licitacao-na-smtt","status":"publish","type":"post","link":"https:\/\/senoticias.com.br\/se\/vereador-jailton-adverte-que-empresas-envolvidas-em-corrupcao-participam-de-licitacao-na-smtt\/","title":{"rendered":"Vereador Jailton Santana adverte que empresas envolvidas em corrup\u00e7\u00e3o participam de licita\u00e7\u00e3o na SMTT"},"content":{"rendered":"<div id=\"attachment_3590\" style=\"width: 310px\" class=\"wp-caption alignleft\"><a href=\"http:\/\/senoticias.com.br\/se\/wp-content\/uploads\/2011\/03\/Jailton-Santana1.jpg\"><img loading=\"lazy\" decoding=\"async\" aria-describedby=\"caption-attachment-3590\" class=\"size-medium wp-image-3590\" title=\"Jailton Santana\" src=\"http:\/\/senoticias.com.br\/se\/wp-content\/uploads\/2011\/03\/Jailton-Santana1-300x199.jpg\" alt=\"\" width=\"300\" height=\"199\" srcset=\"https:\/\/senoticias.com.br\/se\/wp-content\/uploads\/2011\/03\/Jailton-Santana1-300x199.jpg 300w, https:\/\/senoticias.com.br\/se\/wp-content\/uploads\/2011\/03\/Jailton-Santana1-342x227.jpg 342w, https:\/\/senoticias.com.br\/se\/wp-content\/uploads\/2011\/03\/Jailton-Santana1.jpg 650w\" sizes=\"(max-width: 300px) 100vw, 300px\" \/><\/a><p id=\"caption-attachment-3590\" class=\"wp-caption-text\">Jailton adverte que empresas envolvidas em corrup\u00e7\u00e3o participam de licita\u00e7\u00e3o na SMTT\/Aracaju. \/ Alberto Dutra\/Ag\u00eancia C\u00e2mara<\/p><\/div>\n<p style=\"text-align: justify;\">Durante a Sess\u00e3o Plen\u00e1ria da C\u00e2mara Municipal de Aracaju (CMA) desta quarta-feira, 27\/6, o vereador Jailton Santana (PSC) denunciou que duas empresas envolvidas em esquema de corrup\u00e7\u00e3o est\u00e3o participando do processo licitat\u00f3rio da Prefeitura Municipal de Aracaju (PMA).\u00a0 As empresas s\u00e3o a Splice e Eliseu Corp, que foram denunciadas 2011 pelo programa Fant\u00e1stico, da rede Globo nacional.<\/p>\n<p style=\"text-align: justify;\">Ambas as empresas tinham contrato com o Executivo para prestar os servi\u00e7os voltados a organiza\u00e7\u00e3o do tr\u00e2nsito atrav\u00e9s da Superintend\u00eancia Municipal de Transporte e Tr\u00e2nsito (SMTT). Na \u00e9poca, o parlamentar advertiu que a PMA tinha contrato com as referidas empresas e at\u00e9 encaminhou of\u00edcios ao Tribunal de Contas do Estado (TCE) e Minist\u00e9rio P\u00fablico Estadual (MPE), afim de pedir a apura\u00e7\u00e3o do caso no \u00e2mbito municipal.<\/p>\n<p style=\"text-align: justify;\">\u201cLembro-me que o of\u00edcio foi encaminhado no dia 11 de mar\u00e7o de 2011. J\u00e1 vinha investigando, antes mesmo do caso estourar em n\u00edvel nacional, atrav\u00e9s do Fant\u00e1stico. Somente ap\u00f3s toda repercuss\u00e3o e cobran\u00e7as dos \u00f3rg\u00e3os fiscalizadores, \u00e9 que a SMTT suspendeu o contrato por medida de precau\u00e7\u00e3o. O Executivo garantiu que n\u00e3o havia irregularidades nos contratos, mas, mesmo assim rescindiu. Por\u00e9m, uma das empresas n\u00e3o retirou os equipamentos. Ser\u00e1 que isto \u00e9 um ind\u00edcio de que pode voltar a prestar o servi\u00e7o?\u201d, advertiu.<\/p>\n<p style=\"text-align: justify;\">Diante da possibilidade de firmar novo contrato com empresas j\u00e1 envolvidas em corrup\u00e7\u00e3o, Jailton avisa que acompanhar\u00e1 de perto o processo licitat\u00f3rio. \u201cOutra empresa que teve problemas com a prefeitura, a CSP, tamb\u00e9m est\u00e1 participando do processo licitat\u00f3rio. Esta tinha contrato com o Executivo, mas n\u00e3o cumpriu algumas cl\u00e1usulas do contrato. Ent\u00e3o, a prefeitura abriu um processo contra a CSP; venceu e\u00a0 rescindiu o contrato. Como permitir que uma empresa que j\u00e1 gerou transtornos possa voltar a participar do processo licitat\u00f3rio?\u201d, salientou.<\/p>\n<p style=\"text-align: justify;\">Na percep\u00e7\u00e3o do parlamentar, os fotossensores e lombadas eletr\u00f4nicas s\u00e3o importantes para organizar o tr\u00e2nsito, mas entende que antes da implanta\u00e7\u00e3o, deve ser feito um estudo t\u00e9cnico. \u201cEles colocaram de forma abusiva e o pr\u00f3prio Minist\u00e9rio P\u00fablico garantiu que a implanta\u00e7\u00e3o foi feita sem an\u00e1lise t\u00e9cnica. Ou seja, a cidade estava cheia de equipamentos em pontos que n\u00e3o careciam desta aten\u00e7\u00e3o\u201d, ressaltou.<\/p>\n<p style=\"text-align: justify;\">Em aparte, o vereador Juv\u00eancio Oliveira (DEM) refor\u00e7ou que \u201cenquanto legislador ir\u00e1 ficar atento ao processo licitat\u00f3rio\u201d. O demista disse ainda que \u201cassim como \u00e9 necess\u00e1rio evitar abusos na implanta\u00e7\u00e3o de equipamentos fossensores, tamb\u00e9m \u00e9 importante cobrar para evitar abusos em contratos\u201d.<\/p>\n<p style=\"text-align: justify;\">Em resposta, Jailton informou que antes da suspens\u00e3o dos contratos, tinham mais de 140 fotossensores dos quais seis somente na Orla de Atalaia. \u201cEra uma verdadeira ind\u00fastria da multa da SMTT, o volume de dinheiro era uma coisa fabulosa\u201d, falou. J\u00e1 Nitinho (DEM) refor\u00e7ou seu apoio para acompanhar o processo licitat\u00f3rio. \u201cTemos de ficar atentos, observar onde e como os equipamentos de tr\u00e2nsito ser\u00e3o implantados\u201d, completou.<\/p>\n<p><span style=\"color: #666699;\"><strong>\u00a0Luciv\u00e2nia Pereira &#8211; Assessoria Parlamentar<\/strong><\/span>\/<span style=\"color: #666699;\"><strong>Ag\u00eancia CMA<\/strong><\/span><\/p>\n","protected":false},"excerpt":{"rendered":"<p>Durante a Sess\u00e3o Plen\u00e1ria da C\u00e2mara Municipal de Aracaju (CMA) desta quarta-feira, 27\/6, o vereador Jailton Santana (PSC) denunciou que duas empresas envolvidas em esquema de corrup\u00e7\u00e3o est\u00e3o participando do processo licitat\u00f3rio da Prefeitura Municipal de Aracaju (PMA).\u00a0 As empresas s\u00e3o a Splice e Eliseu Corp, que foram denunciadas 2011 pelo programa Fant\u00e1stico, da rede [&hellip;]<\/p>\n","protected":false},"author":3,"featured_media":3590,"comment_status":"closed","ping_status":"closed","sticky":false,"template":"","format":"standard","meta":{"footnotes":""},"categories":[15,6],"tags":[],"class_list":{"0":"post-35580","1":"post","2":"type-post","3":"status-publish","4":"format-standard","5":"has-post-thumbnail","7":"category-destaques","8":"category-politica"},"_links":{"self":[{"href":"https:\/\/senoticias.com.br\/se\/wp-json\/wp\/v2\/posts\/35580"}],"collection":[{"href":"https:\/\/senoticias.com.br\/se\/wp-json\/wp\/v2\/posts"}],"about":[{"href":"https:\/\/senoticias.com.br\/se\/wp-json\/wp\/v2\/types\/post"}],"author":[{"embeddable":true,"href":"https:\/\/senoticias.com.br\/se\/wp-json\/wp\/v2\/users\/3"}],"replies":[{"embeddable":true,"href":"https:\/\/senoticias.com.br\/se\/wp-json\/wp\/v2\/comments?post=35580"}],"version-history":[{"count":0,"href":"https:\/\/senoticias.com.br\/se\/wp-json\/wp\/v2\/posts\/35580\/revisions"}],"wp:featuredmedia":[{"embeddable":true,"href":"https:\/\/senoticias.com.br\/se\/wp-json\/wp\/v2\/media\/3590"}],"wp:attachment":[{"href":"https:\/\/senoticias.com.br\/se\/wp-json\/wp\/v2\/media?parent=35580"}],"wp:term":[{"taxonomy":"category","embeddable":true,"href":"https:\/\/senoticias.com.br\/se\/wp-json\/wp\/v2\/categories?post=35580"},{"taxonomy":"post_tag","embeddable":true,"href":"https:\/\/senoticias.com.br\/se\/wp-json\/wp\/v2\/tags?post=35580"}],"curies":[{"name":"wp","href":"https:\/\/api.w.org\/{rel}","templated":true}]}}