{"id":35569,"date":"2012-06-28T06:25:02","date_gmt":"2012-06-28T09:25:02","guid":{"rendered":"http:\/\/senoticias.com.br\/se\/?p=35569"},"modified":"2012-06-28T06:25:48","modified_gmt":"2012-06-28T09:25:48","slug":"tse-deve-decidir-nesta-quinta-se-contas-sujas-participam-das-eleicoes","status":"publish","type":"post","link":"https:\/\/senoticias.com.br\/se\/tse-deve-decidir-nesta-quinta-se-contas-sujas-participam-das-eleicoes\/","title":{"rendered":"TSE deve decidir nesta quinta se &#8216;contas-sujas&#8217; participam das elei\u00e7\u00f5es"},"content":{"rendered":"<p style=\"text-align: justify;\"><a href=\"http:\/\/senoticias.com.br\/se\/wp-content\/uploads\/2011\/05\/TSE.jpg\"><img loading=\"lazy\" decoding=\"async\" class=\"alignleft size-full wp-image-6135\" title=\"TSE\" src=\"http:\/\/senoticias.com.br\/se\/wp-content\/uploads\/2011\/05\/TSE.jpg\" alt=\"\" width=\"240\" height=\"161\" \/><\/a>O Tribunal Superior Eleitoral (TSE) deve retomar nesta quinta-feira (28) o julgamento do recurso de 14 partidos que pede a anula\u00e7\u00e3o de senten\u00e7a da pr\u00f3pria Corte que barrou das urnas os pol\u00edticos que tiveram as contas rejeitadas na elei\u00e7\u00e3o de 2010. A an\u00e1lise dos chamados &#8220;contas-sujas&#8221; foi suspensa na \u00faltima ter\u00e7a (26) devido a um pedido de vista do ministro Antonio Dias Toffoli.<\/p>\n<p style=\"text-align: justify;\">O magistrado pediu mais tempo para apreciar o caso quando o placar estava empatado em tr\u00eas a tr\u00eas. Falta apenas o voto de Toffoli para que o julgamento seja conclu\u00eddo. Na ter\u00e7a, o ministro havia sinalizado que apresentaria seu voto na pr\u00f3xima sess\u00e3o do tribunal, contudo, h\u00e1 a possibilidade de ele se manifestar somente no \u00faltimo encontro antes do recesso do Judici\u00e1rio, na sexta (29).<\/p>\n<p style=\"text-align: justify;\">A mudan\u00e7a nas regras eleitorais havia sido aprovada em mar\u00e7o pelos ministros do TSE por quatro votos a tr\u00eas. O PT, no entanto, questionou a exig\u00eancia, alegando que o tribunal teria criado uma &#8220;san\u00e7\u00e3o de inelegibilidade n\u00e3o prevista em lei&#8221;. O recurso petista foi endossado posteriormente por PMDB, PSDB, DEM, PTB, PR, PSB, PP, PSD, PRTB, PV, PCdoB, PRP e PPS.<\/p>\n<p style=\"text-align: justify;\">Relatora do processo no TSE, a ministra Nancy Andrighi recomendou aos colegas a rejei\u00e7\u00e3o do recurso e veto aos contas-sujas. O voto de Nancy foi acompanhado pelos ministros Marco Aur\u00e9lio Mello e C\u00e1rmen L\u00facia.<\/p>\n<p style=\"text-align: justify;\">Apesar da recomenda\u00e7\u00e3o contr\u00e1ria da relatora, os ministros Henrique Neves, Arnaldo Versiani e Gilson Dipp acataram a reclama\u00e7\u00e3o das legendas pol\u00edticas. Diante do empate, o voto de Toffoli decidir\u00e1 se os contas-sujas poder\u00e3o participar das elei\u00e7\u00f5es municipais.<\/p>\n<p style=\"text-align: justify;\"><span style=\"color: #333399;\"><em><strong>Fabiano Costa Do G1, em Bras\u00edlia<\/strong><\/em><\/span><\/p>\n","protected":false},"excerpt":{"rendered":"<p>O Tribunal Superior Eleitoral (TSE) deve retomar nesta quinta-feira (28) o julgamento do recurso de 14 partidos que pede a anula\u00e7\u00e3o de senten\u00e7a da pr\u00f3pria Corte que barrou das urnas os pol\u00edticos que tiveram as contas rejeitadas na elei\u00e7\u00e3o de 2010. A an\u00e1lise dos chamados &#8220;contas-sujas&#8221; foi suspensa na \u00faltima ter\u00e7a (26) devido a um [&hellip;]<\/p>\n","protected":false},"author":3,"featured_media":6135,"comment_status":"closed","ping_status":"closed","sticky":false,"template":"","format":"standard","meta":{"footnotes":""},"categories":[6],"tags":[],"class_list":{"0":"post-35569","1":"post","2":"type-post","3":"status-publish","4":"format-standard","5":"has-post-thumbnail","7":"category-politica"},"_links":{"self":[{"href":"https:\/\/senoticias.com.br\/se\/wp-json\/wp\/v2\/posts\/35569"}],"collection":[{"href":"https:\/\/senoticias.com.br\/se\/wp-json\/wp\/v2\/posts"}],"about":[{"href":"https:\/\/senoticias.com.br\/se\/wp-json\/wp\/v2\/types\/post"}],"author":[{"embeddable":true,"href":"https:\/\/senoticias.com.br\/se\/wp-json\/wp\/v2\/users\/3"}],"replies":[{"embeddable":true,"href":"https:\/\/senoticias.com.br\/se\/wp-json\/wp\/v2\/comments?post=35569"}],"version-history":[{"count":0,"href":"https:\/\/senoticias.com.br\/se\/wp-json\/wp\/v2\/posts\/35569\/revisions"}],"wp:featuredmedia":[{"embeddable":true,"href":"https:\/\/senoticias.com.br\/se\/wp-json\/wp\/v2\/media\/6135"}],"wp:attachment":[{"href":"https:\/\/senoticias.com.br\/se\/wp-json\/wp\/v2\/media?parent=35569"}],"wp:term":[{"taxonomy":"category","embeddable":true,"href":"https:\/\/senoticias.com.br\/se\/wp-json\/wp\/v2\/categories?post=35569"},{"taxonomy":"post_tag","embeddable":true,"href":"https:\/\/senoticias.com.br\/se\/wp-json\/wp\/v2\/tags?post=35569"}],"curies":[{"name":"wp","href":"https:\/\/api.w.org\/{rel}","templated":true}]}}