{"id":35560,"date":"2012-06-27T21:40:20","date_gmt":"2012-06-28T00:40:20","guid":{"rendered":"http:\/\/senoticias.com.br\/se\/?p=35560"},"modified":"2012-06-27T22:09:58","modified_gmt":"2012-06-28T01:09:58","slug":"valadares-senado-aprovou-emprestimo-de-us-70-milhoes-para-sergipe","status":"publish","type":"post","link":"https:\/\/senoticias.com.br\/se\/valadares-senado-aprovou-emprestimo-de-us-70-milhoes-para-sergipe\/","title":{"rendered":"Valadares: Senado aprovou empr\u00e9stimo de US$ 70 milh\u00f5es para Sergipe"},"content":{"rendered":"<div id=\"attachment_34356\" style=\"width: 310px\" class=\"wp-caption alignleft\"><a href=\"http:\/\/senoticias.com.br\/se\/wp-content\/uploads\/2012\/06\/DSC_1460A.jpg\"><img loading=\"lazy\" decoding=\"async\" aria-describedby=\"caption-attachment-34356\" class=\"size-medium wp-image-34356\" title=\"Valadares \" src=\"http:\/\/senoticias.com.br\/se\/wp-content\/uploads\/2012\/06\/DSC_1460A-300x199.jpg\" alt=\"\" width=\"300\" height=\"199\" srcset=\"https:\/\/senoticias.com.br\/se\/wp-content\/uploads\/2012\/06\/DSC_1460A-300x199.jpg 300w, https:\/\/senoticias.com.br\/se\/wp-content\/uploads\/2012\/06\/DSC_1460A-342x227.jpg 342w, https:\/\/senoticias.com.br\/se\/wp-content\/uploads\/2012\/06\/DSC_1460A.jpg 638w\" sizes=\"(max-width: 300px) 100vw, 300px\" \/><\/a><p id=\"caption-attachment-34356\" class=\"wp-caption-text\">Senado aprovou empr\u00e9stimo de US$ 70 milh\u00f5es para Sergipe. (Foto: Reinaldo Ferrigno)<\/p><\/div>\n<p style=\"text-align: justify;\">O Senado Federal aprovou nesta tarde o empr\u00e9stimo de US$ 70.275 milh\u00f5es do Banco Internacional para Reconstru\u00e7\u00e3o e Desenvolvimento (BIRD\u2013Banco Mundial) para o Projeto \u00c1guas de Sergipe. O senador Antonio Carlos Valadares (PSB-SE) agradeceu ao Presidente da Casa, senador Jos\u00e9 Sarney (PMDB-AP), pela celeridade na aprova\u00e7\u00e3o. \u201cAgrade\u00e7o por atender ao pleito de Sergipe e votar esse empr\u00e9stimo nesta sess\u00e3o. Os recursos ser\u00e3o voltados para as popula\u00e7\u00f5es rurais do semi-\u00e1rido, agreste e litoral que ser\u00e3o beneficiados com a revitaliza\u00e7\u00e3o da Bacia do Rio Sergipe\u201d, declarou.<\/p>\n<p style=\"text-align: justify;\">Valadares lembrou a presen\u00e7a do Secret\u00e1rio de Planejamento, Or\u00e7amento e Gest\u00e3o do Estado de Sergipe, Jos\u00e9 de Oliveira Junior, do secret\u00e1rio de Meio Ambiente do Estado de Sergipe, Genival Nunes, e do Subsecret\u00e1rio de Recursos H\u00eddricos do Estado de Sergipe, Jos\u00e9 Ailton Rocha, que vieram acompanhar os resultados.<\/p>\n<p style=\"text-align: justify;\">O Projeto \u00c1guas de Sergipe busca promover o uso mais eficiente e sustent\u00e1vel da \u00e1gua na Bacia do Rio Sergipe, por meio do fortalecimento da governan\u00e7a da \u00e1gua e da melhoria das pr\u00e1ticas produtivas de manejo da \u00e1gua e do solo e da qualidade da \u00e1gua. Visa atender obras de saneamento b\u00e1sico e revitaliza\u00e7\u00e3o o rio nas regi\u00f5es do semi-\u00e1rido, agreste e litoral. Pela manh\u00e3 foi aprovado pela Comiss\u00e3o de Assuntos Econ\u00f4micos (CAE) e seguiu para aprova\u00e7\u00e3o no Plen\u00e1rio em car\u00e1ter de urg\u00eancia.<\/p>\n<p style=\"text-align: justify;\"><span style=\"color: #333399;\"><em><strong>Por Ana Paula Dourado (Bras\u00edlia)<\/strong><\/em><\/span><\/p>\n","protected":false},"excerpt":{"rendered":"<p>O Senado Federal aprovou nesta tarde o empr\u00e9stimo de US$ 70.275 milh\u00f5es do Banco Internacional para Reconstru\u00e7\u00e3o e Desenvolvimento (BIRD\u2013Banco Mundial) para o Projeto \u00c1guas de Sergipe. O senador Antonio Carlos Valadares (PSB-SE) agradeceu ao Presidente da Casa, senador Jos\u00e9 Sarney (PMDB-AP), pela celeridade na aprova\u00e7\u00e3o. \u201cAgrade\u00e7o por atender ao pleito de Sergipe e votar [&hellip;]<\/p>\n","protected":false},"author":3,"featured_media":34356,"comment_status":"closed","ping_status":"closed","sticky":false,"template":"","format":"standard","meta":{"footnotes":""},"categories":[6],"tags":[],"class_list":{"0":"post-35560","1":"post","2":"type-post","3":"status-publish","4":"format-standard","5":"has-post-thumbnail","7":"category-politica"},"_links":{"self":[{"href":"https:\/\/senoticias.com.br\/se\/wp-json\/wp\/v2\/posts\/35560"}],"collection":[{"href":"https:\/\/senoticias.com.br\/se\/wp-json\/wp\/v2\/posts"}],"about":[{"href":"https:\/\/senoticias.com.br\/se\/wp-json\/wp\/v2\/types\/post"}],"author":[{"embeddable":true,"href":"https:\/\/senoticias.com.br\/se\/wp-json\/wp\/v2\/users\/3"}],"replies":[{"embeddable":true,"href":"https:\/\/senoticias.com.br\/se\/wp-json\/wp\/v2\/comments?post=35560"}],"version-history":[{"count":0,"href":"https:\/\/senoticias.com.br\/se\/wp-json\/wp\/v2\/posts\/35560\/revisions"}],"wp:featuredmedia":[{"embeddable":true,"href":"https:\/\/senoticias.com.br\/se\/wp-json\/wp\/v2\/media\/34356"}],"wp:attachment":[{"href":"https:\/\/senoticias.com.br\/se\/wp-json\/wp\/v2\/media?parent=35560"}],"wp:term":[{"taxonomy":"category","embeddable":true,"href":"https:\/\/senoticias.com.br\/se\/wp-json\/wp\/v2\/categories?post=35560"},{"taxonomy":"post_tag","embeddable":true,"href":"https:\/\/senoticias.com.br\/se\/wp-json\/wp\/v2\/tags?post=35560"}],"curies":[{"name":"wp","href":"https:\/\/api.w.org\/{rel}","templated":true}]}}