{"id":35554,"date":"2012-06-27T21:47:47","date_gmt":"2012-06-28T00:47:47","guid":{"rendered":"http:\/\/senoticias.com.br\/se\/?p=35554"},"modified":"2012-06-28T22:45:06","modified_gmt":"2012-06-29T01:45:06","slug":"deda-entrega-mais-de-r-37-milhoes-em-equipamentos-e-veiculos-para-as-policias-civil-militar-e-cbm","status":"publish","type":"post","link":"https:\/\/senoticias.com.br\/se\/deda-entrega-mais-de-r-37-milhoes-em-equipamentos-e-veiculos-para-as-policias-civil-militar-e-cbm\/","title":{"rendered":"D\u00e9da entrega mais de R$ 3,7 milh\u00f5es em equipamentos e ve\u00edculos para as pol\u00edcias Civil, Militar e CBM"},"content":{"rendered":"<div id=\"attachment_35555\" style=\"width: 310px\" class=\"wp-caption alignleft\"><a href=\"http:\/\/senoticias.com.br\/se\/wp-content\/uploads\/2012\/06\/MR059555.jpg\"><img loading=\"lazy\" decoding=\"async\" aria-describedby=\"caption-attachment-35555\" class=\"size-medium wp-image-35555\" title=\"_MR059555\" src=\"http:\/\/senoticias.com.br\/se\/wp-content\/uploads\/2012\/06\/MR059555-300x249.jpg\" alt=\"\" width=\"300\" height=\"249\" srcset=\"https:\/\/senoticias.com.br\/se\/wp-content\/uploads\/2012\/06\/MR059555-300x249.jpg 300w, https:\/\/senoticias.com.br\/se\/wp-content\/uploads\/2012\/06\/MR059555-342x283.jpg 342w, https:\/\/senoticias.com.br\/se\/wp-content\/uploads\/2012\/06\/MR059555.jpg 600w\" sizes=\"(max-width: 300px) 100vw, 300px\" \/><\/a><p id=\"caption-attachment-35555\" class=\"wp-caption-text\">O reconhecimento ao esfor\u00e7o na restrutura\u00e7\u00e3o da seguran\u00e7a p\u00fablica foi a t\u00f4nica do discurso de agradecimento do comandante Geral da Pol\u00edcia Militar, coronel Maur\u00edcio Iunes. ( Foto: Marcos Rodrigues\/ASN)<\/p><\/div>\n<p style=\"text-align: justify;\">No final da tarde desta quarta-feira, 27, o governador Marcelo D\u00e9da promoveu um ato solene no Quartel Central da Pol\u00edcia Militar de Sergipe, onde foram entregues novas viaturas, armamentos, equipamentos de telecomunica\u00e7\u00e3o e inform\u00e1tica aos integrantes dos organismos de seguran\u00e7a p\u00fablica do Estado de Sergipe. Ainda na solenidade, o governador assinou um acordo de coopera\u00e7\u00e3o t\u00e9cnica entre a Secretaria de Seguran\u00e7a P\u00fablica (SSP), o SergipeTec e a Universidade Federal de Sergipe (UFS), para a implanta\u00e7\u00e3o do Instituto de An\u00e1lises e Pesquisas Forenses (IAPF).<\/p>\n<p style=\"text-align: justify;\">Atrav\u00e9s de parceria, a Pol\u00edcia Militar recebeu da Secretaria Nacional de Seguran\u00e7a P\u00fablica (Senasp), quatro Picapes Ford Ranger a diesel, al\u00e9m de 20 carabinas calibre .556, 34 pistolas calibre .40, 1 fuzil .762, 20 capacetes e 20 coletes bal\u00edsticos, fardamentos para as policiais militares femininas, para os integrantes da Banda de M\u00fasica e da Guarda do Besp (Batalh\u00e3o Especial Patrimonial). Essas viaturas, armas e equipamentos destinam-se ao Comando de Policiamento do Interior (CPMI), fortalecendo o policiamento ostensivo nos munic\u00edpios sergipanos.<\/p>\n<p style=\"text-align: justify;\">O Comando do Policiamento da Capital (CPMC) recebeu 25 tablets, 25 smartphones e fardamento para os servidores do Centro Integrado de Opera\u00e7\u00f5es de Seguran\u00e7a P\u00fablica (Ciosp). Os equipamentos entregues \u00e0 Pol\u00edcia Militar de Sergipe perfazem um investimento de R$ 938.740,00 (R$ 225.000,00 em recursos estaduais e R$ 713.740,00 em recursos da Senasp).<\/p>\n<p style=\"text-align: justify;\"><strong>Reativa\u00e7\u00e3o da Rottran<\/strong><\/p>\n<p style=\"text-align: justify;\">Tamb\u00e9m foi anunciada a reativa\u00e7\u00e3o da Rottran (Rondas Ostensivas T\u00e1ticas de Tr\u00e2nsito) com o <strong>emprego de 20 motos<\/strong>. A unidade foi criada com o objetivo de realizar policiamento ostensivo com motocicletas e escoltas de honra a dignit\u00e1rios estrangeiros e nacionais, al\u00e9m de escolta de ve\u00edculos com cargas superdimensionadas. A reativa\u00e7\u00e3o deste pelot\u00e3o permitir\u00e1 uma atua\u00e7\u00e3o mais din\u00e2mica e eficiente do policiamento ostensivo da capital. As motos que ir\u00e3o compor a Rottran estavam cedidas a outras companhias da Pol\u00edcia Militar.<\/p>\n<p style=\"text-align: justify;\"><strong>Tablets para Capit\u00e3es e Delegados<\/strong><\/p>\n<p style=\"text-align: justify;\">Os tablets e smartphones, que foram entregues para os oficiais comandantes de Companhia (capit\u00e3es) e para delegados, possibilitar\u00e3o o acompanhamento das ocorr\u00eancias que chegam ao Ciosp em tempo real, al\u00e9m de permitir o controle do deslocamento e posicionamento das viaturas das suas \u00e1reas de atua\u00e7\u00e3o, otimizando o emprego e controle do efetivo policial e das respectivas estat\u00edsticas criminais.<\/p>\n<p style=\"text-align: justify;\"><strong>Resgate e Prote\u00e7\u00e3o<\/strong><\/p>\n<p style=\"text-align: justify;\">O Corpo de Bombeiros recebeu 7 ambul\u00e2ncias de resgate, 20 equipamentos de prote\u00e7\u00e3o respirat\u00f3ria e 1 \u00f4nibus para transporte da tropa. Esses equipamentos e viaturas foram adquiridos com recursos estaduais (R$ 778.000,00) e federais (Senasp: R$ 740.000,000, totalizando um investimento de R$ 1.518.000,00.<\/p>\n<p style=\"text-align: justify;\"><strong>Esfor\u00e7o do Governo do Estado<\/strong><\/p>\n<p style=\"text-align: justify;\">De acordo com o governador Marcelo D\u00e9da, este ato consolida mais um esfor\u00e7o do Governo do Estado, em parceria com o Governo Federal, para oferecer melhores condi\u00e7\u00f5es de atua\u00e7\u00e3o aos profissionais de seguran\u00e7a p\u00fablica em Sergipe. \u201cEsse \u00e9 mais um esfor\u00e7o do Governo do Estado em fortalecer a a\u00e7\u00e3o seguran\u00e7a p\u00fablica, oferecendo as condi\u00e7\u00f5es de trabalho para que os homens e mulheres da Pol\u00edcia Militar e da Pol\u00edcia Civil possam combater com efici\u00eancia o crime\u201d, declarou o governador, ao destacar a necessidade de se envidar esfor\u00e7os para aumentar ainda mais a efici\u00eancia do <a href=\"  http:\/\/www.agencia.se.gov.br\/reportagens\/leitura\/materia:27986\/ciosp_agrega_tecnologia_e_inteligencia_para_maior_seguranca_dos_sergipanos.html\" target=\"_blank\"><strong>Ciosp<\/strong><\/a>.<\/p>\n<p style=\"text-align: justify;\">\u201cN\u00f3s estamos entregando <strong>25 tablets,<\/strong> que \u00e9 o que h\u00e1 de mais moderno para utiliza\u00e7\u00e3o da tecnologia de inform\u00e1tica, aos capit\u00e3es que comandam Companhias. Eles ter\u00e3o acesso, em tempo real, \u00e0s queixas que s\u00e3o informadas pelos cidad\u00e3os ao Ciosp. Com isso, esse comandante ser\u00e1 informado imediatamente da ocorr\u00eancia e ter\u00e1 todas as informa\u00e7\u00f5es na tela orientando o deslocamento de efetivo para combater a a\u00e7\u00e3o delituosa, levando seguran\u00e7a e prote\u00e7\u00e3o ao cidad\u00e3o que comunicou o fato. Esse \u00e9 mais um passo para agregar tecnologia ao cotidiano da pol\u00edcia sergipana\u201d, detalhou o governador, ao complementar informando que, de maneira similar, os delegados tamb\u00e9m receber\u00e3o a informa\u00e7\u00e3o online para a estratifica\u00e7\u00e3o da chamada \u201cmancha criminal\u201d, que \u00e9 a base de dados sobre as ocorr\u00eancias nas diversas localidades da capital e regi\u00e3o da grande Aracaju, decisiva para orientar futuras a\u00e7\u00f5es.<\/p>\n<p style=\"text-align: justify;\">Ainda segundo o chefe do Executivo, a prioridade dada \u00e0 seguran\u00e7a p\u00fablica no atual governo \u00e9 uma demonstra\u00e7\u00e3o do compromisso com os clamores da popula\u00e7\u00e3o e, inegavelmente, com a valoriza\u00e7\u00e3o dos profissionais da seguran\u00e7a publica. \u201cTenho dito di\u00e1logos permanentes com o comandante Geral da PM, coronel Maur\u00edcio Iunes, e tenho ficado satisfeito com os relatos recebidos. Ele tem conseguido me mostrar que a institui\u00e7\u00e3o Pol\u00edcia Militar \u00e9 feita por homens e mulheres, em sua grande maioria abnegados e desprendidos na realiza\u00e7\u00e3o de suas fun\u00e7\u00f5es. Do mesmo modo, \u00e9 necess\u00e1rio que cada policial compreenda sua import\u00e2ncia e o respectivo papel que necessita desempenhar em prol da sociedade\u201d, enfatizou.<\/p>\n<p style=\"text-align: justify;\">\u201cPor isso, \u00e9 com satisfa\u00e7\u00e3o e honra que retorno \u00e0 sede oficial da Pol\u00edcia Militar para realizar um ato que consolida nossos esfor\u00e7os e investimentos na seguran\u00e7a, a exemplo da <a href=\" http:\/\/www.agencia.se.gov.br\/noticias\/leitura\/materia:28745\/deda_inaugura_delegacia_mais_moderna_da_capital_e_entrega_novas_motos_ao_getam.html\" target=\"_blank\"><strong>solenidade em que entregamos<\/strong> <\/a>\u00e0 sociedade a mais moderna delegacia da capital, h\u00e1 cerca de um m\u00eas. Dessa vez, nosso foco \u00e9 nos equipamentos e na ci\u00eancia e tecnologia como ferramentas capazes de melhorar a performance da seguran\u00e7a p\u00fablica e a atua\u00e7\u00e3o cotidiana dos homens e mulheres que servem \u00e0s institui\u00e7\u00f5es de seguran\u00e7a\u201d, reiterou o governador, referindo-se tamb\u00e9m ao acordo de coopera\u00e7\u00e3o t\u00e9cnica entre a UFS e a SSP que prover\u00e1 a capacita\u00e7\u00e3o de t\u00e9cnicos em an\u00e1lises e pesquisas forenses, atrav\u00e9s de transfer\u00eancia de conhecimentos e tecnologia entre o Departamento de Morfologia da UFS e a Coordenadoria Geral de Per\u00edcias (Cogerp) da Secretaria de Seguran\u00e7a P\u00fablica.<\/p>\n<p style=\"text-align: justify;\"><strong>Acordo de Coopera\u00e7\u00e3o<\/strong><\/p>\n<p style=\"text-align: justify;\">O Acordo de Coopera\u00e7\u00e3o T\u00e9cnica entre a SSP, a Secretaria de Estado do Desenvolvimento Econ\u00f4mico, Ci\u00eancia e Tecnologia (Sedetec), o Sergipe Parque Tecnol\u00f3gico (Sergipetec) e a UFS objetiva a implanta\u00e7\u00e3o do Instituto de An\u00e1lises e Pesquisas Forenses\/IAPF, atrav\u00e9s da cess\u00e3o de uso do espa\u00e7o f\u00edsico no Sergipe Parque Tecnol\u00f3gico.<\/p>\n<p style=\"text-align: justify;\">O espa\u00e7o destinado ao IAPF ser\u00e1 composto por dois pavimentos com \u00e1rea constru\u00edda de 874,30 m2 e custo aproximado de constru\u00e7\u00e3o de R$ 1,2 milh\u00e3o. Abrigar\u00e1 os laborat\u00f3rios de per\u00edcia forense: Toxicologia Forense, Gen\u00e9tica Forense (DNA), Qu\u00edmica Legal, Entomologia Forense, Inform\u00e1tica Forense, Fon\u00e9tica Forense, Biologia Forense e Antropologia Forense.A disponibiliza\u00e7\u00e3o do pr\u00e9dio possibilitar\u00e1 a capta\u00e7\u00e3o de recursos oriundos do Minist\u00e9rio da Justi\u00e7a e da Senasp, a serem empregados nos novos laborat\u00f3rios periciais forenses.<\/p>\n<p style=\"text-align: justify;\">Os laborat\u00f3rios de per\u00edcia promover\u00e3o o interc\u00e2mbio de conhecimento cientifico e de t\u00e9cnicas avan\u00e7adas entre os profissionais de per\u00edcias e os professores e alunos da UFS, permitindo o aprimoramento e a padroniza\u00e7\u00e3o das metodologias aplicadas \u00e0 \u00e1rea da Gen\u00e9tica Forense, tornando a atividade pericial forense par\u00e2metro de gradua\u00e7\u00e3o e especializa\u00e7\u00e3o profissional.<\/p>\n<p style=\"text-align: justify;\">Ainda no ato, o governador afirmou, ap\u00f3s o detalhamento das a\u00e7\u00f5es de coopera\u00e7\u00e3o, que assim que a estrutura estiver em condi\u00e7\u00f5es anunciar\u00e1 a realiza\u00e7\u00e3o de concurso p\u00fablico para contrata\u00e7\u00e3o de peritos e t\u00e9cnicos para dar suporte \u00e0s atividades do referido instituto. \u201cPor isso, tamb\u00e9m queremos registrar nosso agradecimento ao grande celeiro do conhecimento e da difus\u00e3o cultural em Sergipe que \u00e9 UFS. Al\u00e9m de sua expans\u00e3o f\u00edsica, a difus\u00e3o dos resultados e aplica\u00e7\u00e3o pr\u00e1tica do conhecimento l\u00e1 produzido tamb\u00e9m beneficiar\u00e1 decisivamente a popula\u00e7\u00e3o sergipana\u201d, reconheceu o governador, ao agradecer ao reitor.<\/p>\n<p style=\"text-align: justify;\"><strong>Desenvolvimento<\/strong><\/p>\n<p style=\"text-align: justify;\">Para o reitor da UFS, Josu\u00e9 Modesto dos Passos Subrinho, este conv\u00eanio firmado com o Governo, que \u00e9 mais uma das parcerias da institui\u00e7\u00e3o com a administra\u00e7\u00e3o estadual, representa o atual momento de desenvolvimento da UFS. \u201cIsto espelha a fase atual do desenvolvimento da Universidade Federal de Sergipe. Os colegas professores e funcion\u00e1rios do Departamento de Morfologia, cientes da situa\u00e7\u00e3o que vive a Per\u00edcia Criminal em Sergipe, se dispuseram ao esfor\u00e7o de transmitir o desenvolvimento cient\u00edfico que se desenvolve naquele departamento para os organismos da Secretaria de Seguran\u00e7a P\u00fablica\u201d, registrou o reitor.<\/p>\n<p style=\"text-align: justify;\"><strong>Agradecimento<\/strong><\/p>\n<p style=\"text-align: justify;\">O reconhecimento ao esfor\u00e7o na restrutura\u00e7\u00e3o da seguran\u00e7a p\u00fablica foi a t\u00f4nica do discurso de agradecimento do comandante Geral da Pol\u00edcia Militar, coronel Maur\u00edcio Iunes. \u201cEsse investimento, em parceria com a operadora Oi, possibilitar\u00e1 a amplia\u00e7\u00e3o das nossas a\u00e7\u00f5es a partir da base tecnol\u00f3gica. Os equipamentos que ora recebemos tamb\u00e9m possibilitar\u00e3o a intensifica\u00e7\u00e3o das a\u00e7\u00f5es ostensivas no interior do estado, onde temos uma demanda operacional. Na capital, as motocicletas da Rottran v\u00e3o reestruturar o policiamento de tr\u00e2nsito, policiais est\u00e3o retornando \u00e0 sua atividade fim, e isso permitir\u00e1 que otimizemos diversas a\u00e7\u00f5es em prol da seguran\u00e7a dos cidad\u00e3os. Nada disso estaria sendo poss\u00edvel sem o empenho do governador Marcelo D\u00e9da e do secret\u00e1rio da Seguran\u00e7a, Jo\u00e3o Eloy, que nos oferecem condi\u00e7\u00f5es de buscar novos resultados\u201d, salientou o comandante, que tamb\u00e9m fez quest\u00e3o de agradecer ao empenho dos policiais militares.<\/p>\n<p style=\"text-align: justify;\">J\u00e1 o secret\u00e1rio da Seguran\u00e7a P\u00fablica, Jo\u00e3o Eloy, destacou a import\u00e2ncia da busca de parcerias para a consecu\u00e7\u00e3o dos resultados estimados. \u201cAl\u00e9m de uma diretriz decisiva de governo em prol da seguran\u00e7a, e do apoio que temos do Governo Federal, a partir da Secretaria Nacional da Seguran\u00e7a P\u00fablica e do Minist\u00e9rio da Justi\u00e7a, temos conseguido promover uma verdadeira revolu\u00e7\u00e3o na estrutura da seguran\u00e7a. Muito h\u00e1 para trilhar, mas temos avan\u00e7os ineg\u00e1veis que se revertem em mais seguran\u00e7a para a popula\u00e7\u00e3o\u201d, destacou.<\/p>\n<p style=\"text-align: justify;\">Presen\u00e7as<\/p>\n<p style=\"text-align: justify;\">Prestigiaram o ato a deputada Concei\u00e7\u00e3o Vieira, representando a Assembleia Legislativa; o vereador Robson Viana, representando a C\u00e2mara de Vereadores da capital, o comandante do Corpo de Bombeiros, coronel BM Nailson Santos, a superintendente da Pol\u00edcia Civil, delegada Katarina Feitosa;\u00a0 o diretor do SergipeTec, Marcos Wandir Lob\u00e3o; o diretor da Cogerp, Adelino Lisboa; a diretora de Rela\u00e7\u00f5es Institucionais da operadora Oi, Miriam Nunes, dentre outras autoridades civis e militares.<\/p>\n<p><span style=\"color: #333333;\"><strong>Secretaria de Estado da Comunica\u00e7\u00e3o Social\/Governo de Sergipe<\/strong><\/span><\/p>\n","protected":false},"excerpt":{"rendered":"<p>No final da tarde desta quarta-feira, 27, o governador Marcelo D\u00e9da promoveu um ato solene no Quartel Central da Pol\u00edcia Militar de Sergipe, onde foram entregues novas viaturas, armamentos, equipamentos de telecomunica\u00e7\u00e3o e inform\u00e1tica aos integrantes dos organismos de seguran\u00e7a p\u00fablica do Estado de Sergipe. Ainda na solenidade, o governador assinou um acordo de coopera\u00e7\u00e3o [&hellip;]<\/p>\n","protected":false},"author":3,"featured_media":35555,"comment_status":"closed","ping_status":"closed","sticky":false,"template":"","format":"standard","meta":{"footnotes":""},"categories":[15,7],"tags":[],"class_list":{"0":"post-35554","1":"post","2":"type-post","3":"status-publish","4":"format-standard","5":"has-post-thumbnail","7":"category-destaques","8":"category-policia"},"_links":{"self":[{"href":"https:\/\/senoticias.com.br\/se\/wp-json\/wp\/v2\/posts\/35554"}],"collection":[{"href":"https:\/\/senoticias.com.br\/se\/wp-json\/wp\/v2\/posts"}],"about":[{"href":"https:\/\/senoticias.com.br\/se\/wp-json\/wp\/v2\/types\/post"}],"author":[{"embeddable":true,"href":"https:\/\/senoticias.com.br\/se\/wp-json\/wp\/v2\/users\/3"}],"replies":[{"embeddable":true,"href":"https:\/\/senoticias.com.br\/se\/wp-json\/wp\/v2\/comments?post=35554"}],"version-history":[{"count":0,"href":"https:\/\/senoticias.com.br\/se\/wp-json\/wp\/v2\/posts\/35554\/revisions"}],"wp:featuredmedia":[{"embeddable":true,"href":"https:\/\/senoticias.com.br\/se\/wp-json\/wp\/v2\/media\/35555"}],"wp:attachment":[{"href":"https:\/\/senoticias.com.br\/se\/wp-json\/wp\/v2\/media?parent=35554"}],"wp:term":[{"taxonomy":"category","embeddable":true,"href":"https:\/\/senoticias.com.br\/se\/wp-json\/wp\/v2\/categories?post=35554"},{"taxonomy":"post_tag","embeddable":true,"href":"https:\/\/senoticias.com.br\/se\/wp-json\/wp\/v2\/tags?post=35554"}],"curies":[{"name":"wp","href":"https:\/\/api.w.org\/{rel}","templated":true}]}}