{"id":35532,"date":"2012-06-28T06:47:54","date_gmt":"2012-06-28T09:47:54","guid":{"rendered":"http:\/\/senoticias.com.br\/se\/?p=35532"},"modified":"2013-05-18T12:59:51","modified_gmt":"2013-05-18T15:59:51","slug":"museu-da-policia-militar-sera-inaugurado-em-julho-em-sao-cristovao","status":"publish","type":"post","link":"https:\/\/senoticias.com.br\/se\/museu-da-policia-militar-sera-inaugurado-em-julho-em-sao-cristovao\/","title":{"rendered":"Museu da Pol\u00edcia Militar ser\u00e1 inaugurado em julho em S\u00e3o Crist\u00f3v\u00e3o"},"content":{"rendered":"<div id=\"attachment_35533\" style=\"width: 235px\" class=\"wp-caption alignleft\"><a href=\"http:\/\/senoticias.com.br\/se\/wp-content\/uploads\/2012\/06\/materia-museu-Policia-militar27062012.jpg\"><img loading=\"lazy\" decoding=\"async\" aria-describedby=\"caption-attachment-35533\" class=\"size-full wp-image-35533\" title=\"materia-museu-Policia-militar27062012\" src=\"http:\/\/senoticias.com.br\/se\/wp-content\/uploads\/2012\/06\/materia-museu-Policia-militar27062012.jpg\" alt=\"\" width=\"225\" height=\"169\" srcset=\"https:\/\/senoticias.com.br\/se\/wp-content\/uploads\/2012\/06\/materia-museu-Policia-militar27062012.jpg 225w, https:\/\/senoticias.com.br\/se\/wp-content\/uploads\/2012\/06\/materia-museu-Policia-militar27062012-60x45.jpg 60w, https:\/\/senoticias.com.br\/se\/wp-content\/uploads\/2012\/06\/materia-museu-Policia-militar27062012-150x113.jpg 150w\" sizes=\"(max-width: 225px) 100vw, 225px\" \/><\/a><p id=\"caption-attachment-35533\" class=\"wp-caption-text\">Museu da Pol\u00edcia Militar ser\u00e1 inaugurado em julho em S\u00e3o Crist\u00f3v\u00e3o. (Foto: Ascom Secult)<\/p><\/div>\n<p style=\"text-align: justify;\">Sergipe est\u00e1 prestes a ganhar mais uma importante unidade museal. Trata-se do Museu da Pol\u00edcia Militar, que ser\u00e1 instalado na antiga delegacia de S\u00e3o Crist\u00f3v\u00e3o e est\u00e1 em fase de conclus\u00e3o da sua obra estrutural. O objetivo \u00e9 inaugur\u00e1-lo com uma exposi\u00e7\u00e3o provis\u00f3ria no dia 8 de julho, data em que se comemora a Emancipa\u00e7\u00e3o Pol\u00edtica de Sergipe. O Governo de Sergipe investiu R$ 266 mil na recupera\u00e7\u00e3o do pr\u00e9dio onde funcionar\u00e1 o espa\u00e7o cultural.<\/p>\n<p style=\"text-align: justify;\">Segundo Sayonara Viana, coordenadora de museus da Secretaria de Estado da Cultura (Secult), inicialmente ser\u00e1 aberta apenas uma parte do museu, visto que as pe\u00e7as que estar\u00e3o presentes do acervo permanente ainda precisam ser catalogadas. \u201cCriamos uma exposi\u00e7\u00e3o provis\u00f3ria que retrata a hist\u00f3ria da pol\u00edcia em Sergipe, e traremos tamb\u00e9m uma mostra do ser\u00e1 o projeto completo desta unidade. Assim, no dia 8 de julho, faremos a inaugura\u00e7\u00e3o, mas sem o acervo final\u201d, destacou.<\/p>\n<p style=\"text-align: justify;\">Esta \u00e9 a terceira vez que o museu da pol\u00edcia ser\u00e1 reativado. Ele come\u00e7ou a fuincionar em 1969, foi fechado e reaberto em 1985, e, posteriormente, fechado novamente, e seu acervo doado para o Museu Hist\u00f3rico de Sergipe (MHS).<\/p>\n<p style=\"text-align: justify;\">No novo museu, al\u00e9m do acervo que se encontrava no MHS, haver\u00e1 exposi\u00e7\u00f5es de fardamentos, armas hist\u00f3ricas, equipamentos utilizados pela PM no seu dia-a-dia, entre outros elementos que fazem a hist\u00f3ria da Pol\u00edcia Militar.<\/p>\n<p style=\"text-align: justify;\">O Coronel Dilson, diretor na unidade, explicou que agora as expectativas s\u00e3o muito grandes para o funcionamento do local, uma vez que h\u00e1 uma grande movimenta\u00e7\u00e3o na preserva\u00e7\u00e3o do patrim\u00f4nio material no Estado.<\/p>\n<p style=\"text-align: justify;\">\u201cRecebemos o acervo que estava no MHS de volta e agora teremos um espa\u00e7o completamente dedicado a ele e a hist\u00f3ria da pol\u00edcia como todo. Al\u00e9m disso, abrigaremos aqui os trabalhos sociais da SSP como o Proerd, que passar\u00e1 a ter uma sede em S\u00e3o Crist\u00f3v\u00e3o e poder\u00e1 assim atender melhor a popula\u00e7\u00e3o\u201d, ressaltou o Coronel.<\/p>\n<p><span style=\"color: #666699;\"><em><strong>Ascom Secult \/ Governo de Sergipe<\/strong><\/em><\/span><\/p>\n","protected":false},"excerpt":{"rendered":"<p>Sergipe est\u00e1 prestes a ganhar mais uma importante unidade museal. Trata-se do Museu da Pol\u00edcia Militar, que ser\u00e1 instalado na antiga delegacia de S\u00e3o Crist\u00f3v\u00e3o e est\u00e1 em fase de conclus\u00e3o da sua obra estrutural. O objetivo \u00e9 inaugur\u00e1-lo com uma exposi\u00e7\u00e3o provis\u00f3ria no dia 8 de julho, data em que se comemora a Emancipa\u00e7\u00e3o [&hellip;]<\/p>\n","protected":false},"author":2,"featured_media":35533,"comment_status":"closed","ping_status":"closed","sticky":false,"template":"","format":"standard","meta":{"footnotes":""},"categories":[38,3],"tags":[],"class_list":{"0":"post-35532","1":"post","2":"type-post","3":"status-publish","4":"format-standard","5":"has-post-thumbnail","7":"category-municipios","8":"category-saocristovao"},"_links":{"self":[{"href":"https:\/\/senoticias.com.br\/se\/wp-json\/wp\/v2\/posts\/35532"}],"collection":[{"href":"https:\/\/senoticias.com.br\/se\/wp-json\/wp\/v2\/posts"}],"about":[{"href":"https:\/\/senoticias.com.br\/se\/wp-json\/wp\/v2\/types\/post"}],"author":[{"embeddable":true,"href":"https:\/\/senoticias.com.br\/se\/wp-json\/wp\/v2\/users\/2"}],"replies":[{"embeddable":true,"href":"https:\/\/senoticias.com.br\/se\/wp-json\/wp\/v2\/comments?post=35532"}],"version-history":[{"count":0,"href":"https:\/\/senoticias.com.br\/se\/wp-json\/wp\/v2\/posts\/35532\/revisions"}],"wp:featuredmedia":[{"embeddable":true,"href":"https:\/\/senoticias.com.br\/se\/wp-json\/wp\/v2\/media\/35533"}],"wp:attachment":[{"href":"https:\/\/senoticias.com.br\/se\/wp-json\/wp\/v2\/media?parent=35532"}],"wp:term":[{"taxonomy":"category","embeddable":true,"href":"https:\/\/senoticias.com.br\/se\/wp-json\/wp\/v2\/categories?post=35532"},{"taxonomy":"post_tag","embeddable":true,"href":"https:\/\/senoticias.com.br\/se\/wp-json\/wp\/v2\/tags?post=35532"}],"curies":[{"name":"wp","href":"https:\/\/api.w.org\/{rel}","templated":true}]}}