{"id":35189,"date":"2012-06-23T12:22:22","date_gmt":"2012-06-23T15:22:22","guid":{"rendered":"http:\/\/senoticias.com.br\/se\/?p=35189"},"modified":"2012-06-25T15:08:50","modified_gmt":"2012-06-25T18:08:50","slug":"bala-perdida-mata-mulher-dentro-de-bar-em-itabaiana","status":"publish","type":"post","link":"https:\/\/senoticias.com.br\/se\/bala-perdida-mata-mulher-dentro-de-bar-em-itabaiana\/","title":{"rendered":"Bala perdida mata mulher dentro de bar em Itabaiana"},"content":{"rendered":"<div id=\"attachment_35190\" style=\"width: 310px\" class=\"wp-caption alignleft\"><a href=\"http:\/\/senoticias.com.br\/se\/wp-content\/uploads\/2012\/06\/benigna_marianga_bar_g.jpg\"><img loading=\"lazy\" decoding=\"async\" aria-describedby=\"caption-attachment-35190\" class=\"size-medium wp-image-35190\" title=\"benigna_marianga_bar_g\" src=\"http:\/\/senoticias.com.br\/se\/wp-content\/uploads\/2012\/06\/benigna_marianga_bar_g-300x225.jpg\" alt=\"\" width=\"300\" height=\"225\" srcset=\"https:\/\/senoticias.com.br\/se\/wp-content\/uploads\/2012\/06\/benigna_marianga_bar_g-300x225.jpg 300w, https:\/\/senoticias.com.br\/se\/wp-content\/uploads\/2012\/06\/benigna_marianga_bar_g-342x256.jpg 342w, https:\/\/senoticias.com.br\/se\/wp-content\/uploads\/2012\/06\/benigna_marianga_bar_g-60x45.jpg 60w, https:\/\/senoticias.com.br\/se\/wp-content\/uploads\/2012\/06\/benigna_marianga_bar_g-150x113.jpg 150w, https:\/\/senoticias.com.br\/se\/wp-content\/uploads\/2012\/06\/benigna_marianga_bar_g-269x201.jpg 269w, https:\/\/senoticias.com.br\/se\/wp-content\/uploads\/2012\/06\/benigna_marianga_bar_g.jpg 640w\" sizes=\"(max-width: 300px) 100vw, 300px\" \/><\/a><p id=\"caption-attachment-35190\" class=\"wp-caption-text\">Benigna Maria era natural de Carira (SE). (Reprodu\u00e7\u00e3o Gilson de Oliveira)<\/p><\/div>\n<p style=\"text-align: justify;\">A dona de casa Benigna Maria de Freitas Andrade, 59 anos, vi\u00fava do finado \u201cDai\u201d, foi v\u00edtima de uma bala perdida dentro de um bar, localizado na Rua 28 de agosto, cruzamento com a Rua Tenisson Melo de Oliveira, no bairro Marianga, em Itabaiana (SE).<\/p>\n<p style=\"text-align: justify;\">O fato ocorreu as 19h35 desta sexta-feira, dia 22, e a v\u00edtima estava sentada em uma cadeira tomando refrigerante, onde foi compar dois espetinhos, quando um desconhecido, usando capacete, entrou no estabelecimento em persegui\u00e7\u00e3o a um desafeto, de pr\u00e9-nome Ren\u00ea, e efetuou dois disparos. O primeiro tiro acertou em uma cadeira e o segundo na testa da senhora, que morreu na j\u00e1 hora.<\/p>\n<p style=\"text-align: justify;\">Ap\u00f3s a tentativa de morte, mal sucedida contra o inimigo, o autor dos tiros subiu na garupa de uma motocicleta e fugiu.<\/p>\n<p style=\"text-align: justify;\">Benigna Maria era natural de Carira (SE), entretanto, ela residia no mesmo bairro onde aconteceu a fatalidade.<\/p>\n<p style=\"text-align: justify;\"><strong>Gilson de Oliveira &#8211; Itnet<\/strong><\/p>\n","protected":false},"excerpt":{"rendered":"<p>A dona de casa Benigna Maria de Freitas Andrade, 59 anos, vi\u00fava do finado \u201cDai\u201d, foi v\u00edtima de uma bala perdida dentro de um bar, localizado na Rua 28 de agosto, cruzamento com a Rua Tenisson Melo de Oliveira, no bairro Marianga, em Itabaiana (SE). O fato ocorreu as 19h35 desta sexta-feira, dia 22, e [&hellip;]<\/p>\n","protected":false},"author":3,"featured_media":35190,"comment_status":"closed","ping_status":"closed","sticky":false,"template":"","format":"standard","meta":{"footnotes":""},"categories":[7],"tags":[],"class_list":{"0":"post-35189","1":"post","2":"type-post","3":"status-publish","4":"format-standard","5":"has-post-thumbnail","7":"category-policia"},"_links":{"self":[{"href":"https:\/\/senoticias.com.br\/se\/wp-json\/wp\/v2\/posts\/35189"}],"collection":[{"href":"https:\/\/senoticias.com.br\/se\/wp-json\/wp\/v2\/posts"}],"about":[{"href":"https:\/\/senoticias.com.br\/se\/wp-json\/wp\/v2\/types\/post"}],"author":[{"embeddable":true,"href":"https:\/\/senoticias.com.br\/se\/wp-json\/wp\/v2\/users\/3"}],"replies":[{"embeddable":true,"href":"https:\/\/senoticias.com.br\/se\/wp-json\/wp\/v2\/comments?post=35189"}],"version-history":[{"count":0,"href":"https:\/\/senoticias.com.br\/se\/wp-json\/wp\/v2\/posts\/35189\/revisions"}],"wp:featuredmedia":[{"embeddable":true,"href":"https:\/\/senoticias.com.br\/se\/wp-json\/wp\/v2\/media\/35190"}],"wp:attachment":[{"href":"https:\/\/senoticias.com.br\/se\/wp-json\/wp\/v2\/media?parent=35189"}],"wp:term":[{"taxonomy":"category","embeddable":true,"href":"https:\/\/senoticias.com.br\/se\/wp-json\/wp\/v2\/categories?post=35189"},{"taxonomy":"post_tag","embeddable":true,"href":"https:\/\/senoticias.com.br\/se\/wp-json\/wp\/v2\/tags?post=35189"}],"curies":[{"name":"wp","href":"https:\/\/api.w.org\/{rel}","templated":true}]}}