{"id":35131,"date":"2012-06-22T15:06:26","date_gmt":"2012-06-22T18:06:26","guid":{"rendered":"http:\/\/senoticias.com.br\/se\/?p=35131"},"modified":"2012-06-22T15:06:55","modified_gmt":"2012-06-22T18:06:55","slug":"ministerio-publico-eleitoral-define-estrategias-de-atuacao-em-sergipe","status":"publish","type":"post","link":"https:\/\/senoticias.com.br\/se\/ministerio-publico-eleitoral-define-estrategias-de-atuacao-em-sergipe\/","title":{"rendered":"Minist\u00e9rio P\u00fablico Eleitoral define estrat\u00e9gias de atua\u00e7\u00e3o em Sergipe"},"content":{"rendered":"<p style=\"text-align: justify;\"><span style=\"color: #333333;\"><strong>Impugna\u00e7\u00e3o de candidaturas e fiscaliza\u00e7\u00e3o de propaganda antecipada est\u00e3o entre as prioridades da PRE e dos promotores eleitorais<\/strong><\/span><\/p>\n<p style=\"text-align: justify;\">A procuradora regional eleitoral L\u00edvia Nascimento Tin\u00f4co e os promotores eleitorais de Sergipe se reuniram nesta ter\u00e7a-feira (19) para definir as estrat\u00e9gias de atua\u00e7\u00e3o do Minist\u00e9rio P\u00fablico Eleitoral nas elei\u00e7\u00f5es 2012. Entre os temas discutidos, est\u00e3o os processos de impugna\u00e7\u00e3o de candidaturas, as fiscaliza\u00e7\u00f5es de propaganda eleitoral antecipada e a garantia de acessibilidade dos eleitores portadores de defici\u00eancia.<\/p>\n<p style=\"text-align: justify;\">De acordo com L\u00edvia Tin\u00f4co, foram definidos os procedimentos que ser\u00e3o adotados pelos promotores a partir do recebimento das listas de pessoas com impedimentos para se candidatar, solicitadas pela Procuradoria Regional Eleitoral (PRE) e pela Corregedoria do Tribunal Regional Eleitoral a diversos \u00f3rg\u00e3os. \u201cO prazo para impugna\u00e7\u00e3o de candidaturas \u00e9 ex\u00edguo, apenas cinco dias ap\u00f3s a publica\u00e7\u00e3o do edital com a lista das candidaturas deferidas. Portanto, solicitamos de forma antecipada essas informa\u00e7\u00f5es para facilitar essas as a\u00e7\u00f5es\u201d, explicou a procuradora.<\/p>\n<p style=\"text-align: justify;\">Al\u00e9m disso, a procuradora e os promotores eleitorais definiram tamb\u00e9m o cronograma de fiscaliza\u00e7\u00f5es para detectar casos de propaganda eleitoral antecipada na Grande Aracaju e tamb\u00e9m no interior do Estado.<\/p>\n<p style=\"text-align: justify;\"><span style=\"color: #333333;\"><strong>Assessoria de Comunica\u00e7\u00e3o<\/strong><\/span><br \/>\n<span style=\"color: #333333;\"><strong>Minist\u00e9rio P\u00fablico Federal em Sergipe<\/strong><\/span><\/p>\n","protected":false},"excerpt":{"rendered":"<p>Impugna\u00e7\u00e3o de candidaturas e fiscaliza\u00e7\u00e3o de propaganda antecipada est\u00e3o entre as prioridades da PRE e dos promotores eleitorais A procuradora regional eleitoral L\u00edvia Nascimento Tin\u00f4co e os promotores eleitorais de Sergipe se reuniram nesta ter\u00e7a-feira (19) para definir as estrat\u00e9gias de atua\u00e7\u00e3o do Minist\u00e9rio P\u00fablico Eleitoral nas elei\u00e7\u00f5es 2012. Entre os temas discutidos, est\u00e3o os [&hellip;]<\/p>\n","protected":false},"author":3,"featured_media":34334,"comment_status":"closed","ping_status":"closed","sticky":false,"template":"","format":"standard","meta":{"footnotes":""},"categories":[1],"tags":[],"class_list":{"0":"post-35131","1":"post","2":"type-post","3":"status-publish","4":"format-standard","5":"has-post-thumbnail","7":"category-sem-categoria"},"_links":{"self":[{"href":"https:\/\/senoticias.com.br\/se\/wp-json\/wp\/v2\/posts\/35131"}],"collection":[{"href":"https:\/\/senoticias.com.br\/se\/wp-json\/wp\/v2\/posts"}],"about":[{"href":"https:\/\/senoticias.com.br\/se\/wp-json\/wp\/v2\/types\/post"}],"author":[{"embeddable":true,"href":"https:\/\/senoticias.com.br\/se\/wp-json\/wp\/v2\/users\/3"}],"replies":[{"embeddable":true,"href":"https:\/\/senoticias.com.br\/se\/wp-json\/wp\/v2\/comments?post=35131"}],"version-history":[{"count":0,"href":"https:\/\/senoticias.com.br\/se\/wp-json\/wp\/v2\/posts\/35131\/revisions"}],"wp:featuredmedia":[{"embeddable":true,"href":"https:\/\/senoticias.com.br\/se\/wp-json\/wp\/v2\/media\/34334"}],"wp:attachment":[{"href":"https:\/\/senoticias.com.br\/se\/wp-json\/wp\/v2\/media?parent=35131"}],"wp:term":[{"taxonomy":"category","embeddable":true,"href":"https:\/\/senoticias.com.br\/se\/wp-json\/wp\/v2\/categories?post=35131"},{"taxonomy":"post_tag","embeddable":true,"href":"https:\/\/senoticias.com.br\/se\/wp-json\/wp\/v2\/tags?post=35131"}],"curies":[{"name":"wp","href":"https:\/\/api.w.org\/{rel}","templated":true}]}}