{"id":35122,"date":"2012-06-22T14:42:43","date_gmt":"2012-06-22T17:42:43","guid":{"rendered":"http:\/\/senoticias.com.br\/se\/?p=35122"},"modified":"2012-06-26T05:58:11","modified_gmt":"2012-06-26T08:58:11","slug":"censura-radialista-nega-espaco-a-assessores-da-prefeitura-de-rosario","status":"publish","type":"post","link":"https:\/\/senoticias.com.br\/se\/censura-radialista-nega-espaco-a-assessores-da-prefeitura-de-rosario\/","title":{"rendered":"Censura: radialista nega espa\u00e7o a assessores da Prefeitura de Ros\u00e1rio"},"content":{"rendered":"<p><strong><br \/>\n<\/strong><\/p>\n<p><strong><br \/>\n<\/strong><\/p>\n<p style=\"text-align: justify;\"><a href=\"http:\/\/senoticias.com.br\/se\/wp-content\/uploads\/2012\/06\/Censura-II.jpeg\"><img loading=\"lazy\" decoding=\"async\" class=\"alignleft size-medium wp-image-35125\" title=\"Censura II\" src=\"http:\/\/senoticias.com.br\/se\/wp-content\/uploads\/2012\/06\/Censura-II-300x162.jpg\" alt=\"\" width=\"300\" height=\"162\" srcset=\"https:\/\/senoticias.com.br\/se\/wp-content\/uploads\/2012\/06\/Censura-II-300x162.jpg 300w, https:\/\/senoticias.com.br\/se\/wp-content\/uploads\/2012\/06\/Censura-II.jpeg 305w\" sizes=\"(max-width: 300px) 100vw, 300px\" \/><\/a>O secret\u00e1rio municipal de Comunica\u00e7\u00e3o e o adjunto da Prefeitura de Ros\u00e1rio do Catete, Paulo Sousa e Or\u00e1cio Oliveira, respectivamente, est\u00e3o proibidos de participar do programa \u201cA Hora da Verdade\u201d, apresentado pelo radialista George Magalh\u00e3es, na Megga FM. A emissora, que pertence ao Sistema Atalaia de Comunica\u00e7\u00e3o, est\u00e1 arrendada ao empres\u00e1rio e prefeito de Capela, Manoel Messias Sukita Santos.<\/p>\n<p style=\"text-align: justify;\">Como \u00e9 de conhecimento p\u00fablico, Ros\u00e1rio e Capela travam na Justi\u00e7a uma disputa pelo ICMS da Vale. Em v\u00e1rias oportunidades durante o programa, o prefeito Sukita fez duras cr\u00edticas ao prefeito de Ros\u00e1rio, Etelvino Barreto, inclusive colocando para fazer esse tipo de servi\u00e7o, o ex-prefeito e advers\u00e1rio pol\u00edtico de Vino, La\u00e9rcio Passos, e o vereador de Capela, Alexandre Magalh\u00e3es. Em uma dessas ocasi\u00f5es, La\u00e9rcio chegou a dizer que preferia que esse recurso ficasse com Capela, que era melhor administrada que seu munic\u00edpio Ros\u00e1rio do Catete. No in\u00edcio da semana, Alexandre Magalh\u00e3es chegou a acusar Vino de fazer parte de uma trama, junto com o conselheiro do Tribunal de Contas do Estado, Ulices Andrade, para bloquear o ICMS de Capela e assim pagar uma d\u00edvida de uma empresa prestadora de servi\u00e7o ao munic\u00edpio de Ros\u00e1rio, e que teria liga\u00e7\u00f5es familiares com o conselheiro.<\/p>\n<p style=\"text-align: justify;\">Diante das in\u00fameras tentativas em participar do referido programa, a fim de esclarecer os fatos, os assessores de comunica\u00e7\u00e3o da Prefeitura de Ros\u00e1rio do Catete foram ignorados pelo radialista e sua produ\u00e7\u00e3o, tanto por telefone como pessoalmente. Ao se cansarem de tanto aguardar o retorno do apresentador, que havia prometido por diversas vezes ligar para um dos assessores de imprensa, a fim de ouvir todos os lados, como manda o Bom Jornalismo, na manh\u00e3 da \u00faltima ter\u00e7a-feira (19), os dois secret\u00e1rios decidiram ir pessoalmente ao programa para dar as devidas explica\u00e7\u00f5es.<\/p>\n<p style=\"text-align: justify;\">\u201cPara a nossa surpresa, ao chegarmos \u00e0 emissora, fomos surpreendidos pelo radialista, que afirmou haver uma determina\u00e7\u00e3o do prefeito Sukita para abrir espa\u00e7o apenas para o prefeito Etelvino, como se assessor de imprensa n\u00e3o representasse o gestor p\u00fablico na \u00e1rea da comunica\u00e7\u00e3o, assim como o advogado representa o prefeito na \u00e1rea jur\u00eddica. A atitude do apresentador vai de encontro ao C\u00f3digo de \u00c9tica dos Jornalistas, que orienta abrir o espa\u00e7o para o contradit\u00f3rio, independente de quem esteja representando a pessoa acusada. A postura adotada por este \u2018profissional\u2019 tamb\u00e9m vai de encontro \u00e0 linha \u00e9tica, independente e transparente do Sistema Atalaia de Comunica\u00e7\u00e3o, uma marca de credibilidade no Jornalismo de Sergipe\u201d, afirma Paulo Sousa.<\/p>\n<p style=\"text-align: justify;\">Hoje (22), novamente Sukita e La\u00e9rcio Passos foram aos est\u00fadios da Megga FM, que teve ainda a participa\u00e7\u00e3o por telefone do vereador Alexandre Magalh\u00e3es, para tecer coment\u00e1rios e cr\u00edticas a Etelvino Barreto, por conta de um embargo declarat\u00f3rio que a assessoria jur\u00eddica do munic\u00edpio ingressou no Judici\u00e1rio contra uma decis\u00e3o do STJ na \u00faltima ter\u00e7a-feira (19). O secret\u00e1rio adjunto Or\u00e1cio Oliveira chegou a falar com o produtor do programa Antero Alves, que disse, categoricamente, que somente Vino poderia falar. Essa mesma afirma\u00e7\u00e3o foi feita no ar pelo radialista George Magalh\u00e3es, que repetiu, v\u00e1rias vezes, que apenas o prefeito teria espa\u00e7o para se defender.<\/p>\n<p style=\"text-align: justify;\">Como os assessores de Comunica\u00e7\u00e3o de Ros\u00e1rio do Catete, que sempre tiveram e t\u00eam espa\u00e7os em toda a imprensa sergipana, est\u00e3o sendo impedidos de exercer seu trabalho na programa\u00e7\u00e3o jornal\u00edstica da Megga FM, a Prefeitura de Ros\u00e1rio do Catete, atrav\u00e9s de sua assessoria Jur\u00eddica, est\u00e1 tomando as provid\u00eancias cab\u00edveis junto ao Poder Judici\u00e1rio, a fim de que o direito ao contradit\u00f3rio seja respeitado e os respons\u00e1veis pelas cal\u00fanias sejam punidos de acordo com a lei. Tamb\u00e9m estar\u00e1 comunicando \u00e0 superintend\u00eancia do Sistema Atalaia de Comunica\u00e7\u00e3o o comportamento anti-jornal\u00edstico do apresentador e anti\u00e9tico do respons\u00e1vel pelo arrendamento da emissora.<\/p>\n<p style=\"text-align: justify;\"><a href=\"http:\/\/senoticias.com.br\/se\/wp-content\/uploads\/2011\/06\/EMPAUTA.jpg\"><img loading=\"lazy\" decoding=\"async\" class=\"alignleft size-full wp-image-8212\" title=\"EMPAUTA\" src=\"http:\/\/senoticias.com.br\/se\/wp-content\/uploads\/2011\/06\/EMPAUTA.jpg\" alt=\"\" width=\"100\" height=\"48\" \/><\/a><\/p>\n","protected":false},"excerpt":{"rendered":"<p>O secret\u00e1rio municipal de Comunica\u00e7\u00e3o e o adjunto da Prefeitura de Ros\u00e1rio do Catete, Paulo Sousa e Or\u00e1cio Oliveira, respectivamente, est\u00e3o proibidos de participar do programa \u201cA Hora da Verdade\u201d, apresentado pelo radialista George Magalh\u00e3es, na Megga FM. A emissora, que pertence ao Sistema Atalaia de Comunica\u00e7\u00e3o, est\u00e1 arrendada ao empres\u00e1rio e prefeito de Capela, [&hellip;]<\/p>\n","protected":false},"author":3,"featured_media":35125,"comment_status":"closed","ping_status":"closed","sticky":false,"template":"","format":"standard","meta":{"footnotes":""},"categories":[38],"tags":[],"class_list":{"0":"post-35122","1":"post","2":"type-post","3":"status-publish","4":"format-standard","5":"has-post-thumbnail","7":"category-municipios"},"_links":{"self":[{"href":"https:\/\/senoticias.com.br\/se\/wp-json\/wp\/v2\/posts\/35122"}],"collection":[{"href":"https:\/\/senoticias.com.br\/se\/wp-json\/wp\/v2\/posts"}],"about":[{"href":"https:\/\/senoticias.com.br\/se\/wp-json\/wp\/v2\/types\/post"}],"author":[{"embeddable":true,"href":"https:\/\/senoticias.com.br\/se\/wp-json\/wp\/v2\/users\/3"}],"replies":[{"embeddable":true,"href":"https:\/\/senoticias.com.br\/se\/wp-json\/wp\/v2\/comments?post=35122"}],"version-history":[{"count":0,"href":"https:\/\/senoticias.com.br\/se\/wp-json\/wp\/v2\/posts\/35122\/revisions"}],"wp:featuredmedia":[{"embeddable":true,"href":"https:\/\/senoticias.com.br\/se\/wp-json\/wp\/v2\/media\/35125"}],"wp:attachment":[{"href":"https:\/\/senoticias.com.br\/se\/wp-json\/wp\/v2\/media?parent=35122"}],"wp:term":[{"taxonomy":"category","embeddable":true,"href":"https:\/\/senoticias.com.br\/se\/wp-json\/wp\/v2\/categories?post=35122"},{"taxonomy":"post_tag","embeddable":true,"href":"https:\/\/senoticias.com.br\/se\/wp-json\/wp\/v2\/tags?post=35122"}],"curies":[{"name":"wp","href":"https:\/\/api.w.org\/{rel}","templated":true}]}}