{"id":35106,"date":"2012-06-22T14:13:46","date_gmt":"2012-06-22T17:13:46","guid":{"rendered":"http:\/\/senoticias.com.br\/se\/?p=35106"},"modified":"2012-06-22T14:14:38","modified_gmt":"2012-06-22T17:14:38","slug":"homem-encapuzado-mata-jovem-em-via-publica-em-sao-domingos-se","status":"publish","type":"post","link":"https:\/\/senoticias.com.br\/se\/homem-encapuzado-mata-jovem-em-via-publica-em-sao-domingos-se\/","title":{"rendered":"Homem encapuzado mata jovem em via p\u00fablica em S\u00e3o Domingos, SE"},"content":{"rendered":"<div id=\"attachment_35113\" style=\"width: 258px\" class=\"wp-caption alignleft\"><a href=\"http:\/\/senoticias.com.br\/se\/wp-content\/uploads\/2012\/06\/tininho_sao_domingos.jpg\"><img loading=\"lazy\" decoding=\"async\" aria-describedby=\"caption-attachment-35113\" class=\"size-full wp-image-35113\" title=\"tininho_sao_domingos\" src=\"http:\/\/senoticias.com.br\/se\/wp-content\/uploads\/2012\/06\/tininho_sao_domingos.jpg\" alt=\"\" width=\"248\" height=\"285\" \/><\/a><p id=\"caption-attachment-35113\" class=\"wp-caption-text\">Wallyson Romualdo da Silva, conhecido como \u201cTininho\u201d, 19 anos. (Reprodu\u00e7\u00e3o Facebook)<\/p><\/div>\n<p style=\"text-align: justify;\">Substituindo o tio na arruma\u00e7\u00e3o das bancas para a feira livre da cidade de S\u00e3o Domingos (SE), o jovem Wallyson Romualdo da Silva, conhecido como \u201cTininho\u201d, 19 anos, foi alvejado a tiros por volta das 4h30 da madrugada desta sexta-feira, dia 22.<br \/>\nO autor dos disparos estava encapuzado quando efetuou cerca de quatro tiros contra a v\u00edtima.<\/p>\n<p style=\"text-align: justify;\">O jovem foi socorrido por familiares, por\u00e9m, ele morreu a caminho do Hospital Regional de Itabaiana Dr. Pedro Garcia Moreno Filho.<br \/>\nH\u00e1 suspeita que \u201cTininho\u201d tenha sido assassinado por engano, uma vez que o trabalho que ele estava executando no momento do crime era de responsabilidade de um tio.<\/p>\n<p style=\"text-align: justify;\"><strong>Suic\u00eddio &#8211;<\/strong> A pol\u00edcia de S\u00e3o Domingos tamb\u00e9m registrou a morte de Jos\u00e9 Fabiano Santos, 26 anos. O corpo foi removido para Instituto M\u00e9dico Legal Dr. Augusto Leite, em Aracaju, as 23h40 de quinta-feira, dia 21, e segundo informa\u00e7\u00f5es passadas pela Pol\u00edcia T\u00e9cnica do Instituto de Criminal\u00edstica, o jovem cometeu suic\u00eddio por enforcamento na pr\u00f3pria resid\u00eancia no povoado Peri Peri.<\/p>\n<p style=\"text-align: justify;\"><span style=\"color: #666699;\"><em><strong>Por Gilson de Oliveira &#8211; Itnet<\/strong><\/em><\/span><\/p>\n","protected":false},"excerpt":{"rendered":"<p>Substituindo o tio na arruma\u00e7\u00e3o das bancas para a feira livre da cidade de S\u00e3o Domingos (SE), o jovem Wallyson Romualdo da Silva, conhecido como \u201cTininho\u201d, 19 anos, foi alvejado a tiros por volta das 4h30 da madrugada desta sexta-feira, dia 22. O autor dos disparos estava encapuzado quando efetuou cerca de quatro tiros contra [&hellip;]<\/p>\n","protected":false},"author":3,"featured_media":35113,"comment_status":"closed","ping_status":"closed","sticky":false,"template":"","format":"standard","meta":{"footnotes":""},"categories":[7],"tags":[],"class_list":{"0":"post-35106","1":"post","2":"type-post","3":"status-publish","4":"format-standard","5":"has-post-thumbnail","7":"category-policia"},"_links":{"self":[{"href":"https:\/\/senoticias.com.br\/se\/wp-json\/wp\/v2\/posts\/35106"}],"collection":[{"href":"https:\/\/senoticias.com.br\/se\/wp-json\/wp\/v2\/posts"}],"about":[{"href":"https:\/\/senoticias.com.br\/se\/wp-json\/wp\/v2\/types\/post"}],"author":[{"embeddable":true,"href":"https:\/\/senoticias.com.br\/se\/wp-json\/wp\/v2\/users\/3"}],"replies":[{"embeddable":true,"href":"https:\/\/senoticias.com.br\/se\/wp-json\/wp\/v2\/comments?post=35106"}],"version-history":[{"count":0,"href":"https:\/\/senoticias.com.br\/se\/wp-json\/wp\/v2\/posts\/35106\/revisions"}],"wp:featuredmedia":[{"embeddable":true,"href":"https:\/\/senoticias.com.br\/se\/wp-json\/wp\/v2\/media\/35113"}],"wp:attachment":[{"href":"https:\/\/senoticias.com.br\/se\/wp-json\/wp\/v2\/media?parent=35106"}],"wp:term":[{"taxonomy":"category","embeddable":true,"href":"https:\/\/senoticias.com.br\/se\/wp-json\/wp\/v2\/categories?post=35106"},{"taxonomy":"post_tag","embeddable":true,"href":"https:\/\/senoticias.com.br\/se\/wp-json\/wp\/v2\/tags?post=35106"}],"curies":[{"name":"wp","href":"https:\/\/api.w.org\/{rel}","templated":true}]}}