{"id":35100,"date":"2012-06-22T07:43:36","date_gmt":"2012-06-22T10:43:36","guid":{"rendered":"http:\/\/senoticias.com.br\/se\/?p=35100"},"modified":"2012-06-23T07:14:44","modified_gmt":"2012-06-23T10:14:44","slug":"mendonca-acusa-amorim-de-chantagear-o-ex-governador-joao-alves","status":"publish","type":"post","link":"https:\/\/senoticias.com.br\/se\/mendonca-acusa-amorim-de-chantagear-o-ex-governador-joao-alves\/","title":{"rendered":"Mendon\u00e7a acusa Amorim de chantagear o ex-governador Jo\u00e3o Alves"},"content":{"rendered":"<p style=\"text-align: justify;\"><a href=\"%20%20http:\/\/katiasantana.com.br\/home\/blog.php?id=8229%20\" target=\"_blank\"><span style=\"color: #333399;\"><strong>Por K\u00e1tia Santana \/ Blog<\/strong><\/span><\/a><\/p>\n<div id=\"attachment_3485\" style=\"width: 288px\" class=\"wp-caption alignleft\"><a href=\"http:\/\/senoticias.com.br\/se\/wp-content\/uploads\/2011\/03\/Mendon%C3%A7a-Prado.jpg\"><img loading=\"lazy\" decoding=\"async\" aria-describedby=\"caption-attachment-3485\" class=\"size-full wp-image-3485\" title=\"Mendon\u00e7a Prado\" src=\"http:\/\/senoticias.com.br\/se\/wp-content\/uploads\/2011\/03\/Mendon%C3%A7a-Prado.jpg\" alt=\"\" width=\"278\" height=\"182\" \/><\/a><p id=\"caption-attachment-3485\" class=\"wp-caption-text\">Mendon\u00e7a Prado (DEM) denunciou uma suposta trama, comandada pelo empres\u00e1rio Edivan Amorim (PTB) para \u201cchantagear\u201d o ex-governador Jo\u00e3o Alves Filho (DEM) (Foto: Reprodu\u00e7\u00e3o)<\/p><\/div>\n<p style=\"text-align: justify;\">O deputado federal Mendon\u00e7a Prado (DEM) denunciou uma suposta trama, comandada pelo empres\u00e1rio Edivan Amorim (PTB) para \u201cchantagear\u201d o ex-governador Jo\u00e3o Alves Filho (DEM).<\/p>\n<p style=\"text-align: justify;\">O intento, segundo o democrata, levar Jo\u00e3o a reboque do projeto do grupo que \u00e9 eleger o senador Eduardo Amorim, governador em 2014. \u201cA ideia \u00e9 engessar Jo\u00e3o politicamente. Al\u00e9m de querer indicar o candidato a vice, eles querem amarrar o apoio para 2014 de qualquer jeito\u201d, declarou.<\/p>\n<p style=\"text-align: justify;\">Sem citar nomes, mas referindo-se claramente ao deputado estadual Ven\u00e2ncio Fonseca (PP), em entrevista \u00e0 Mega FM, no programa Hora da Verdade, ontem pela manh\u00e3, Mendon\u00e7a avisou que n\u00e3o vai tratar essas quest\u00f5es com subterf\u00fagio \u201ccomo est\u00e3o fazendo com a desculpa que querem crescer. Partido n\u00e3o tem espa\u00e7o\u201d. Para ele, a \u00fanica inten\u00e7\u00e3o \u00e9 pressionar Jo\u00e3o a aceitar alian\u00e7a com o grupo comandado pelos irm\u00e3os Amorim. \u201cQuerem a qualquer custo que doutor Jo\u00e3o s\u00f3 assuma a Prefeitura e se comprometa com uma futura elei\u00e7\u00e3o de Amorim para o governo\u201d, afirmou, observando que, nas reuni\u00f5es em Bras\u00edlia, \u201cest\u00e3o oferecendo tudo, mas tem gente sem condi\u00e7\u00e3o moral de impor e de falar em pol\u00edtica\u201d. Mendon\u00e7a afirmou que \u201co chefe de \u00e9 o senhor Jos\u00e9 Edivan Amorim e o grupo dele que querem empurrar tudo goela abaixo. O ex-governador n\u00e3o vai aceitar\u201d, avisou.<\/p>\n<p style=\"text-align: justify;\">Para ele, \u201ctodos est\u00e3o incomodados porque n\u00f3s somos os \u00fanicos que n\u00e3o queremos alian\u00e7a com Amorim. \u00c9 bom que respeitem Jo\u00e3o Alves e o direito dele de ser candidato a prefeito de Aracaju e de ter um projeto para a cidade\u201d, disse, acrescentando que \u201cquem vai dizer se o Neg\u00e3o deve ser prefeito, ou n\u00e3o, \u00e9 a popula\u00e7\u00e3o de Aracaju&#8221;.<\/p>\n<p style=\"text-align: justify;\">Mendon\u00e7a entende ser leg\u00edtimo e bom para a democracia a decis\u00e3o do Ven\u00e2ncio de disputar o comando da Prefeitura. \u201cO que n\u00e3o pode \u00e9 querer empurrar uma alian\u00e7a goela a baixo, com discurso de que o partido precisa de espa\u00e7o. Querer torn\u00e1-lo ref\u00e9m n\u00e3o \u00e9 moral, justo e nem legal\u201d, alertou o parlamentar.<\/p>\n<p style=\"text-align: justify;\"><strong>Amorim minimiza cr\u00edticas e diz que s\u00f3 fala com quem manda no DEM<\/strong><br \/>\nO presidente estadual do PTB, empres\u00e1rio Edivan Amorim classificou como \u201cdor de cotovelo\u201d as declara\u00e7\u00f5es do deputado federal Mendon\u00e7a Prado (DEM) sobre a alian\u00e7a firmada entre o PP e o PSC.<\/p>\n<p style=\"text-align: justify;\">\u201cDo DEM eu s\u00f3 falo com quem manda que \u00e9 o ex-governador Jo\u00e3o Alves e a senadora Maria do Carmo\u201d, avisou Amorim, destacando que quando tiver que falar sobre composi\u00e7\u00e3o ou a respeito de qualquer outro tema de ordem pol\u00edtica, fala com os l\u00edderes. \u201cE s\u00f3 reconhe\u00e7o como lideran\u00e7a no DEM, Jo\u00e3o e Maria\u201d.<\/p>\n<p style=\"text-align: justify;\">Edivan disse que nunca esteve com o ex-governador tratando sobre o processo eleitoral de 2012. \u201cQuem cuidou dessas conversas foi o deputado federal Andr\u00e9 Moura. Em alguns momentos, ele pedia para conversar, em outros o ex-governador pedia audi\u00eancia\u201d. Amorim garantiu ainda n\u00e3o saber que havia a possibilidade de indica\u00e7\u00e3o do candidato a vice na chapa que deve ser encabe\u00e7ada pelo ex-governador democrata. \u201cAt\u00e9 porque n\u00f3s t\u00ednhamos um pr\u00e9-candidato (o deputado estadual Zeca da Silva) e continuamos tendo\u201d, afirmou, referindo-se, agora, ao deputado Ven\u00e2ncio Fonseca (PP), l\u00edder da oposi\u00e7\u00e3o na Assembleia Legislativa, que at\u00e9 ent\u00e3o era aliado de Jo\u00e3o e pretendia ser o candidato a vice. Amorim adiantou que todas as decis\u00f5es adotadas pelo seu agrupamento ser\u00e3o conhecidas, oficialmente, durante as conven\u00e7\u00f5es que acontecer\u00e3o no pr\u00f3ximo dia 30. \u201cNo mais, s\u00f3 trato de pol\u00edtica com que manda\u201d, enfatizou.<\/p>\n<p style=\"text-align: justify;\"><span style=\"color: #0000ff;\"><strong>Por K\u00e1tia Santana<\/strong><\/span><\/p>\n","protected":false},"excerpt":{"rendered":"<p>Por K\u00e1tia Santana \/ Blog O deputado federal Mendon\u00e7a Prado (DEM) denunciou uma suposta trama, comandada pelo empres\u00e1rio Edivan Amorim (PTB) para \u201cchantagear\u201d o ex-governador Jo\u00e3o Alves Filho (DEM). O intento, segundo o democrata, levar Jo\u00e3o a reboque do projeto do grupo que \u00e9 eleger o senador Eduardo Amorim, governador em 2014. \u201cA ideia \u00e9 [&hellip;]<\/p>\n","protected":false},"author":3,"featured_media":3485,"comment_status":"closed","ping_status":"closed","sticky":false,"template":"","format":"standard","meta":{"footnotes":""},"categories":[6],"tags":[],"class_list":{"0":"post-35100","1":"post","2":"type-post","3":"status-publish","4":"format-standard","5":"has-post-thumbnail","7":"category-politica"},"_links":{"self":[{"href":"https:\/\/senoticias.com.br\/se\/wp-json\/wp\/v2\/posts\/35100"}],"collection":[{"href":"https:\/\/senoticias.com.br\/se\/wp-json\/wp\/v2\/posts"}],"about":[{"href":"https:\/\/senoticias.com.br\/se\/wp-json\/wp\/v2\/types\/post"}],"author":[{"embeddable":true,"href":"https:\/\/senoticias.com.br\/se\/wp-json\/wp\/v2\/users\/3"}],"replies":[{"embeddable":true,"href":"https:\/\/senoticias.com.br\/se\/wp-json\/wp\/v2\/comments?post=35100"}],"version-history":[{"count":0,"href":"https:\/\/senoticias.com.br\/se\/wp-json\/wp\/v2\/posts\/35100\/revisions"}],"wp:featuredmedia":[{"embeddable":true,"href":"https:\/\/senoticias.com.br\/se\/wp-json\/wp\/v2\/media\/3485"}],"wp:attachment":[{"href":"https:\/\/senoticias.com.br\/se\/wp-json\/wp\/v2\/media?parent=35100"}],"wp:term":[{"taxonomy":"category","embeddable":true,"href":"https:\/\/senoticias.com.br\/se\/wp-json\/wp\/v2\/categories?post=35100"},{"taxonomy":"post_tag","embeddable":true,"href":"https:\/\/senoticias.com.br\/se\/wp-json\/wp\/v2\/tags?post=35100"}],"curies":[{"name":"wp","href":"https:\/\/api.w.org\/{rel}","templated":true}]}}