{"id":35087,"date":"2012-06-22T07:09:01","date_gmt":"2012-06-22T10:09:01","guid":{"rendered":"http:\/\/senoticias.com.br\/se\/?p=35087"},"modified":"2012-06-23T11:31:19","modified_gmt":"2012-06-23T14:31:19","slug":"carro-forte-cai-em-ribanceira-e-deixa-4-vigilantes-feridos-na-br-101","status":"publish","type":"post","link":"https:\/\/senoticias.com.br\/se\/carro-forte-cai-em-ribanceira-e-deixa-4-vigilantes-feridos-na-br-101\/","title":{"rendered":"Carro forte cai em ribanceira e deixa 4 vigilantes feridos na BR-101"},"content":{"rendered":"<div id=\"attachment_35088\" style=\"width: 310px\" class=\"wp-caption alignleft\"><a href=\"http:\/\/senoticias.com.br\/se\/wp-content\/uploads\/2012\/06\/sacel02.jpg\"><img loading=\"lazy\" decoding=\"async\" aria-describedby=\"caption-attachment-35088\" class=\"size-medium wp-image-35088\" title=\"sacel02\" src=\"http:\/\/senoticias.com.br\/se\/wp-content\/uploads\/2012\/06\/sacel02-300x201.jpg\" alt=\"\" width=\"300\" height=\"201\" srcset=\"https:\/\/senoticias.com.br\/se\/wp-content\/uploads\/2012\/06\/sacel02-300x201.jpg 300w, https:\/\/senoticias.com.br\/se\/wp-content\/uploads\/2012\/06\/sacel02-342x229.jpg 342w, https:\/\/senoticias.com.br\/se\/wp-content\/uploads\/2012\/06\/sacel02.jpg 672w\" sizes=\"(max-width: 300px) 100vw, 300px\" \/><\/a><p id=\"caption-attachment-35088\" class=\"wp-caption-text\">O acidente foi registrado nas proximidades do km 163 da BR-101 onde quatro funcion\u00e1rios (vigilantes) da SACEL que estavam dentro do carro forte. (Reprodu\u00e7\u00e3o Sergipe Reporter)<\/p><\/div>\n<p style=\"text-align: justify;\">Por volta das 16h30min, de ontem (21), um ve\u00edculo tipo carro forte de placa HZW 9341 de ordem\u00a0 da empresa de vigil\u00e2ncia SACEL caiu em uma ribanceira na divisa dos Munic\u00edpios de Santa Luzia e Umba\u00faba\/SE.<\/p>\n<p style=\"text-align: justify;\">O ve\u00edculo estava seguindo de uma cidade baiana com destino a Cidade de S\u00e3o Crist\u00f3v\u00e3o\/SE e ap\u00f3s passar por um trecho conhecido por \u201cCurva da Doida\u201d o motorista perdeu a dire\u00e7\u00e3o do veiculo e acabou caindo em uma ribanceira de aproximadamente 30m de altura. O acidente foi registrado nas proximidades do km 163 da BR-101 onde quatro funcion\u00e1rios (vigilantes) da SACEL que estavam dentro do carro forte viveram momentos de p\u00e2nico. O ve\u00edculo capotou v\u00e1rias vezes at\u00e9 colidir com uma \u00e1rvore que impediu do mesmo cair dentro de um a\u00e7ude que estava adiante.<\/p>\n<p style=\"text-align: justify;\">Apesar da cena surpreendente e do susto que passaram os quatro vigilantes da empresa SACEL os funcion\u00e1rios tiveram ferimentos leves e foram socorridos por equipes do SAMU \u2013 Servi\u00e7o de Atendimento M\u00e9dico de Urg\u00eancia e pelos militares do Corpo de Bombeiros de Est\u00e2ncia (2\u00ba GBMSE), em seguida foram levados para o HRE \u2013 Hospital Regional de Est\u00e2ncia (Dr\u00ba Jess\u00e9 Fontes)<\/p>\n<div class=\"mceTemp\" style=\"text-align: justify;\">\n<dl id=\"attachment_35089\" class=\"wp-caption alignleft\" style=\"width: 310px;\">\n<dt class=\"wp-caption-dt\"><a href=\"http:\/\/senoticias.com.br\/se\/wp-content\/uploads\/2012\/06\/sacel01.jpg\"><img loading=\"lazy\" decoding=\"async\" class=\"size-medium wp-image-35089\" title=\"sacel01\" src=\"http:\/\/senoticias.com.br\/se\/wp-content\/uploads\/2012\/06\/sacel01-300x202.jpg\" alt=\"\" width=\"300\" height=\"202\" srcset=\"https:\/\/senoticias.com.br\/se\/wp-content\/uploads\/2012\/06\/sacel01-300x202.jpg 300w, https:\/\/senoticias.com.br\/se\/wp-content\/uploads\/2012\/06\/sacel01-342x231.jpg 342w, https:\/\/senoticias.com.br\/se\/wp-content\/uploads\/2012\/06\/sacel01.jpg 672w\" sizes=\"(max-width: 300px) 100vw, 300px\" \/><\/a><\/dt>\n<dd class=\"wp-caption-dd\">Carro forte cai em ribanceira e deixa 4 vigilantes feridos na BR-101.(Reprodu\u00e7\u00e3o Sergipe Reporter)<\/dd>\n<\/dl>\n<\/div>\n<p style=\"text-align: justify;\">Os quatro vigilantes da empresa SACEL que estavam no carro forte foram: Raul Rodrigues da Silva, 45 anos (Motorista), Cledson Pereira Santos, 35 anos (Fiel), Fabio Caetano de Moura Santos, 32 anos (Escopeteiro) e Julio Cesar Vieira Dias, 36 anos (Escoteiro).<\/p>\n<p style=\"text-align: justify;\">Os bombeiros de Est\u00e2ncia tiveram dificuldades para retirar as vitimas de dentro do carro, os mesmos estavam presos ao cinto de seguran\u00e7a.<\/p>\n<p style=\"text-align: justify;\">O gerente de transporte da SACEL,\u00a0 Ant\u00f4nio esteve no local e mesmo por telefone ordenou que toda equipe que estava de passagem pela regi\u00e3o fosse tamb\u00e9m para o local para garantir a seguran\u00e7a das vitimas e zela pelo local at\u00e9 a chegada dos \u00f3rg\u00e3os competentes que chegaram r\u00e1pido.<\/p>\n<p style=\"text-align: justify;\">Um funcion\u00e1rio que vinha em outro carro forte disse para a equipe do SR que o ve\u00edculo que caiu na ribanceira estava seguindo em sua frente quando o mesmo se distanciou e que em poucos minutos receberam uma liga\u00e7\u00e3o informando sobre o acidente.<\/p>\n<p style=\"text-align: justify;\">No momento, chovia e a pista estava bastante escorregadia.<\/p>\n<p style=\"text-align: justify;\">Nesse mesmo trecho s\u00f3 nesse per\u00edodo junino j\u00e1 ocorreu v\u00e1rios acidentes, inclusive um m\u00e9dico do SAMU de Arau\u00e1, um representante da Cremosinho de Alagoas e um agricultor j\u00e1 se acidentaram fatalmente no local.<\/p>\n<p style=\"text-align: justify;\">O carro forte estava sem carga de dinheiro.<\/p>\n<p style=\"text-align: justify;\"><span style=\"color: #333333;\"><em><strong>DO PORTAL SERGIPE REPORTER<\/strong><\/em><\/span><\/p>\n<p style=\"text-align: justify;\"><a href=\" http:\/\/www.sergipereporter.com.br\/index.php?option=com_content&amp;view=article&amp;id=1271:carro-forte-cai-em-ribanceira-e-deixa-4-vigilantes-feridos-na-br-101-em-umbaubase&amp;catid=3:cidade&amp;Itemid=23\" target=\"_blank\"><span style=\"color: #666699;\"><strong>Clique aqui e veja a mat\u00e9ria completa<\/strong><\/span><\/a><\/p>\n","protected":false},"excerpt":{"rendered":"<p>Por volta das 16h30min, de ontem (21), um ve\u00edculo tipo carro forte de placa HZW 9341 de ordem\u00a0 da empresa de vigil\u00e2ncia SACEL caiu em uma ribanceira na divisa dos Munic\u00edpios de Santa Luzia e Umba\u00faba\/SE. O ve\u00edculo estava seguindo de uma cidade baiana com destino a Cidade de S\u00e3o Crist\u00f3v\u00e3o\/SE e ap\u00f3s passar por [&hellip;]<\/p>\n","protected":false},"author":3,"featured_media":35088,"comment_status":"closed","ping_status":"closed","sticky":false,"template":"","format":"standard","meta":{"footnotes":""},"categories":[15,7],"tags":[],"class_list":{"0":"post-35087","1":"post","2":"type-post","3":"status-publish","4":"format-standard","5":"has-post-thumbnail","7":"category-destaques","8":"category-policia"},"_links":{"self":[{"href":"https:\/\/senoticias.com.br\/se\/wp-json\/wp\/v2\/posts\/35087"}],"collection":[{"href":"https:\/\/senoticias.com.br\/se\/wp-json\/wp\/v2\/posts"}],"about":[{"href":"https:\/\/senoticias.com.br\/se\/wp-json\/wp\/v2\/types\/post"}],"author":[{"embeddable":true,"href":"https:\/\/senoticias.com.br\/se\/wp-json\/wp\/v2\/users\/3"}],"replies":[{"embeddable":true,"href":"https:\/\/senoticias.com.br\/se\/wp-json\/wp\/v2\/comments?post=35087"}],"version-history":[{"count":0,"href":"https:\/\/senoticias.com.br\/se\/wp-json\/wp\/v2\/posts\/35087\/revisions"}],"wp:featuredmedia":[{"embeddable":true,"href":"https:\/\/senoticias.com.br\/se\/wp-json\/wp\/v2\/media\/35088"}],"wp:attachment":[{"href":"https:\/\/senoticias.com.br\/se\/wp-json\/wp\/v2\/media?parent=35087"}],"wp:term":[{"taxonomy":"category","embeddable":true,"href":"https:\/\/senoticias.com.br\/se\/wp-json\/wp\/v2\/categories?post=35087"},{"taxonomy":"post_tag","embeddable":true,"href":"https:\/\/senoticias.com.br\/se\/wp-json\/wp\/v2\/tags?post=35087"}],"curies":[{"name":"wp","href":"https:\/\/api.w.org\/{rel}","templated":true}]}}