{"id":35079,"date":"2012-06-22T06:41:16","date_gmt":"2012-06-22T09:41:16","guid":{"rendered":"http:\/\/senoticias.com.br\/se\/?p=35079"},"modified":"2012-06-22T06:43:35","modified_gmt":"2012-06-22T09:43:35","slug":"valdivia-sai-do-banco-e-garante-classificacao-do-palmeiras-a-final-da-copa-do-brasil","status":"publish","type":"post","link":"https:\/\/senoticias.com.br\/se\/valdivia-sai-do-banco-e-garante-classificacao-do-palmeiras-a-final-da-copa-do-brasil\/","title":{"rendered":"Vald\u00edvia garante classifica\u00e7\u00e3o do Palmeiras \u00e0 final da Copa do Brasil"},"content":{"rendered":"<div id=\"attachment_35080\" style=\"width: 310px\" class=\"wp-caption alignleft\"><a href=\"http:\/\/senoticias.com.br\/se\/wp-content\/uploads\/2012\/06\/t_59889_valdivia-marcou-o-gol-do-empate-nesta-quinta-feira-e-comemorou-depois-com-o-atacante-barcos.jpeg\"><img loading=\"lazy\" decoding=\"async\" aria-describedby=\"caption-attachment-35080\" class=\"size-medium wp-image-35080\" title=\"t_59889_valdivia-marcou-o-gol-do-empate-nesta-quinta-feira-e-comemorou-depois-com-o-atacante-barcos\" src=\"http:\/\/senoticias.com.br\/se\/wp-content\/uploads\/2012\/06\/t_59889_valdivia-marcou-o-gol-do-empate-nesta-quinta-feira-e-comemorou-depois-com-o-atacante-barcos-300x199.jpg\" alt=\"\" width=\"300\" height=\"199\" srcset=\"https:\/\/senoticias.com.br\/se\/wp-content\/uploads\/2012\/06\/t_59889_valdivia-marcou-o-gol-do-empate-nesta-quinta-feira-e-comemorou-depois-com-o-atacante-barcos-300x199.jpg 300w, https:\/\/senoticias.com.br\/se\/wp-content\/uploads\/2012\/06\/t_59889_valdivia-marcou-o-gol-do-empate-nesta-quinta-feira-e-comemorou-depois-com-o-atacante-barcos-342x227.jpg 342w, https:\/\/senoticias.com.br\/se\/wp-content\/uploads\/2012\/06\/t_59889_valdivia-marcou-o-gol-do-empate-nesta-quinta-feira-e-comemorou-depois-com-o-atacante-barcos.jpeg 620w\" sizes=\"(max-width: 300px) 100vw, 300px\" \/><\/a><p id=\"caption-attachment-35080\" class=\"wp-caption-text\">Valdivia marcou o gol do empate nesta quinta-feira e comemorou depois com o atacante Barcos.(Fernando Dantas\/Gazeta Press)<\/p><\/div>\n<p style=\"text-align: justify;\">O meia Vald\u00edvia teve um retorno triunfal ao Palmeiras ap\u00f3s ser v\u00edtima de um sequestro rel\u00e2mpago e se aproximar de uma sa\u00edda da equipe. Em seu primeiro jogo\u00a0 ap\u00f3s o incidente, o chileno saiu do banco para garantir um empate por 1 a 1 contra o Gr\u00eamio pelo jogo de volta da semifinal da Copa do Brasil e, assim, classificar o alviverde paulista \u00e0 final da competi\u00e7\u00e3o.<\/p>\n<p style=\"text-align: justify;\">O Tricolor Ga\u00facho saiu na frente no segundo tempo com um gol de Fernando ap\u00f3s rebote de Bruno em levantamento de Ed\u00edlson, mas Vald\u00edvia empatou em oito minutos em um belo gol, finalizando de primeira ap\u00f3s tabela com Juninho. O meia ainda acertou a trave em cobran\u00e7a de falta.<\/p>\n<p style=\"text-align: justify;\">A partida de diversos lances duros, chegando a contar com a expuls\u00e3o de Rondinelly, Ed\u00edlson e Henrique, selou a primeira participa\u00e7\u00e3o do Palmeiras em uma final de Copa do Brasil desde 1998, quando se sagrou campe\u00e3o contra o Cruzeiro. Por ter conquistado a vit\u00f3ria agregada de 3 a 1 ap\u00f3s vencer por 2 a 0 no primeiro jogo, o Verd\u00e3o encara o Coritiba, que eliminou o S\u00e3o Paulo, na decis\u00e3o.<\/p>\n<p style=\"text-align: justify;\">O jogo &#8211; O Verd\u00e3o levou perigo logo no in\u00edcio do jogo, com Mazinho arrancando pela esquerda do ataque e cruzando por entre as pernas de Ed\u00edlson aos tr\u00eas minutos. Daniel Carvalho, por\u00e9m, perdeu a oportunidade desviar a bola em excelente posi\u00e7\u00e3o na pequena \u00e1rea.<\/p>\n<p style=\"text-align: justify;\">A segunda grande chance do jogo tamb\u00e9m foi alviverde, com uma cobran\u00e7a curta de falta de Daniel Carvalho aos 17 minutos levando a um cruzamento de Artur e um cabeceio \u00e0 queima-roupa de Maur\u00edcio Ramos, que parou em grande defesa de Victor.<\/p>\n<p style=\"text-align: justify;\">A partir da segunda metade do primeiro tempo, por\u00e9m, as maiores chances passaram a ser do Gr\u00eamio. Aos 34, Par\u00e1 avan\u00e7ou pela esquerda e ajeitou para finaliza\u00e7\u00e3o perigosa de primeira de Marco Ant\u00f4nio, defendida por Bruno. O lateral esquerdo voltou a aparecer bem e, aos 43, recebeu passe de Marco Ant\u00f4nio para cruzar, mas Marcelo Moreno e Kleber n\u00e3o conseguiram cabecear na pequena \u00e1rea.<\/p>\n<p style=\"text-align: justify;\">Precisando do resultado, o Tricolor Ga\u00facho gerou uma press\u00e3o no final da primeira etapa. Aos 45 minutos, Juninho bobeou e perdeu a bola para Souza pela esquerda defesa. O volante cruzou para dom\u00ednio de Kleber, que foi parado por um bote providencial de Artur quando preparava a posi\u00e7\u00e3o. Dois minutos depois, Bruno saiu bem do gol para chegar numa bola lan\u00e7ada para Marcelo Moreno antes do atacante.<\/p>\n<p style=\"text-align: justify;\">Na segunda etapa, o Gr\u00eamio passou a ficar mais tempo com a bola, mas se limitava a cruzamentos na \u00e1rea e criava poucas oportunidades. Foi justamente numa bola al\u00e7ada, por\u00e9m, que saiu o gol da equipe: aos 20 minutos, Ed\u00edlson levantou a bola em cobran\u00e7a de falta, Bruno deu rebote e Fernando aproveitou para abrir o placar.<\/p>\n<p style=\"text-align: justify;\">A vantagem no placar, por\u00e9m, n\u00e3o durou muito tempo. Vald\u00edvia, que havia entrado no lugar de Daniel Carvalho no segundo tempo, empatou oito minutos depois ap\u00f3s arrancar com a bola, tabelar com Juninho e, da entrada da \u00e1rea, finalizar de primeira, com categoria.<\/p>\n<p style=\"text-align: justify;\">O jogo ficou ainda mais tenso ap\u00f3s o gol do chileno e, aos 33 minutos, Barcos arrancou com a bola em dire\u00e7\u00e3o \u00e0 \u00e1rea, passou por dois marcadores e caiu ap\u00f3s carrinho por tr\u00e1s de Rondinelly, que foi expulso. O cart\u00e3o vermelho motivou uma confus\u00e3o entre os atletas das duas equipes que terminou ainda na expuls\u00e3o de Henrique e Ed\u00edlson.<\/p>\n<p style=\"text-align: justify;\">Ap\u00f3s uma paralisa\u00e7\u00e3o de cerca de cinco minutos por conta da confus\u00e3o e da fuma\u00e7a gerada por sinalizadores da arquibancada, Vald\u00edvia cobrou a falta aos 41 minutos e carimbou a trave, quase causando a virada de sua equipe. O tento n\u00e3o seria necess\u00e1rio, por\u00e9m, j\u00e1 que o placar por 1 a 1 bastou para a classifica\u00e7\u00e3o ap\u00f3s a vit\u00f3ria por 2 a 0 no primeiro jogo.<\/p>\n<p style=\"text-align: justify;\"><em><strong>Gazeta Esportiva<\/strong><\/em><\/p>\n","protected":false},"excerpt":{"rendered":"<p>O meia Vald\u00edvia teve um retorno triunfal ao Palmeiras ap\u00f3s ser v\u00edtima de um sequestro rel\u00e2mpago e se aproximar de uma sa\u00edda da equipe. Em seu primeiro jogo\u00a0 ap\u00f3s o incidente, o chileno saiu do banco para garantir um empate por 1 a 1 contra o Gr\u00eamio pelo jogo de volta da semifinal da Copa [&hellip;]<\/p>\n","protected":false},"author":3,"featured_media":35080,"comment_status":"closed","ping_status":"closed","sticky":false,"template":"","format":"standard","meta":{"footnotes":""},"categories":[15,39,8],"tags":[],"class_list":{"0":"post-35079","1":"post","2":"type-post","3":"status-publish","4":"format-standard","5":"has-post-thumbnail","7":"category-destaques","8":"category-esporte","9":"category-esporte-e-cultura"},"_links":{"self":[{"href":"https:\/\/senoticias.com.br\/se\/wp-json\/wp\/v2\/posts\/35079"}],"collection":[{"href":"https:\/\/senoticias.com.br\/se\/wp-json\/wp\/v2\/posts"}],"about":[{"href":"https:\/\/senoticias.com.br\/se\/wp-json\/wp\/v2\/types\/post"}],"author":[{"embeddable":true,"href":"https:\/\/senoticias.com.br\/se\/wp-json\/wp\/v2\/users\/3"}],"replies":[{"embeddable":true,"href":"https:\/\/senoticias.com.br\/se\/wp-json\/wp\/v2\/comments?post=35079"}],"version-history":[{"count":0,"href":"https:\/\/senoticias.com.br\/se\/wp-json\/wp\/v2\/posts\/35079\/revisions"}],"wp:featuredmedia":[{"embeddable":true,"href":"https:\/\/senoticias.com.br\/se\/wp-json\/wp\/v2\/media\/35080"}],"wp:attachment":[{"href":"https:\/\/senoticias.com.br\/se\/wp-json\/wp\/v2\/media?parent=35079"}],"wp:term":[{"taxonomy":"category","embeddable":true,"href":"https:\/\/senoticias.com.br\/se\/wp-json\/wp\/v2\/categories?post=35079"},{"taxonomy":"post_tag","embeddable":true,"href":"https:\/\/senoticias.com.br\/se\/wp-json\/wp\/v2\/tags?post=35079"}],"curies":[{"name":"wp","href":"https:\/\/api.w.org\/{rel}","templated":true}]}}