{"id":35074,"date":"2012-06-21T20:18:41","date_gmt":"2012-06-21T23:18:41","guid":{"rendered":"http:\/\/senoticias.com.br\/se\/?p=35074"},"modified":"2012-06-21T20:19:29","modified_gmt":"2012-06-21T23:19:29","slug":"comercio-de-fogueiras-anima-vendedores-em-aracaju","status":"publish","type":"post","link":"https:\/\/senoticias.com.br\/se\/comercio-de-fogueiras-anima-vendedores-em-aracaju\/","title":{"rendered":"Com\u00e9rcio de fogueiras anima vendedores, em Aracaju"},"content":{"rendered":"<p><span style=\"color: #333333;\"><strong>Cliente pode at\u00e9 escolher tr\u00eas op\u00e7\u00f5es de fogueiras.<\/strong><\/span><br \/>\n<span style=\"color: #333333;\"><strong>Pre\u00e7os de fogueiras variam de R$ 25 a R$ 40.<\/strong><\/span><\/p>\n<div id=\"attachment_35075\" style=\"width: 599px\" class=\"wp-caption aligncenter\"><a href=\"http:\/\/senoticias.com.br\/se\/wp-content\/uploads\/2012\/06\/fogueiras.jpg\"><img loading=\"lazy\" decoding=\"async\" aria-describedby=\"caption-attachment-35075\" class=\"size-full wp-image-35075\" title=\"fogueiras\" src=\"http:\/\/senoticias.com.br\/se\/wp-content\/uploads\/2012\/06\/fogueiras.jpg\" alt=\"\" width=\"589\" height=\"442\" srcset=\"https:\/\/senoticias.com.br\/se\/wp-content\/uploads\/2012\/06\/fogueiras.jpg 589w, https:\/\/senoticias.com.br\/se\/wp-content\/uploads\/2012\/06\/fogueiras-300x225.jpg 300w, https:\/\/senoticias.com.br\/se\/wp-content\/uploads\/2012\/06\/fogueiras-342x256.jpg 342w, https:\/\/senoticias.com.br\/se\/wp-content\/uploads\/2012\/06\/fogueiras-60x45.jpg 60w, https:\/\/senoticias.com.br\/se\/wp-content\/uploads\/2012\/06\/fogueiras-150x113.jpg 150w, https:\/\/senoticias.com.br\/se\/wp-content\/uploads\/2012\/06\/fogueiras-269x201.jpg 269w\" sizes=\"(max-width: 589px) 100vw, 589px\" \/><\/a><p id=\"caption-attachment-35075\" class=\"wp-caption-text\">Nildete dos Santos e Edson Maciel comercializam fogueiras a mais de 20 anos (Foto: Fl\u00e1vio Antunes\/G1 SE)<\/p><\/div>\n<p style=\"text-align: justify;\">Os festejos juninos se aproximam e com eles as tradi\u00e7\u00f5es. Uma delas \u00e9 a de reunir a fam\u00edlia em volta da fogueira. Se depender dos fogueiristas a tradi\u00e7\u00e3o ter\u00e1 a chama acesa. Instalados desde a \u00faltima quinta-feira (14), nos fundos da feira livre do Conjunto Augusto Franco, zona Sul de Aracaju, os vendedores est\u00e3o animados para as vendas.<\/p>\n<p style=\"text-align: justify;\">\u201cA gente espera que esse ano as fogueiras tenha uma melhor sa\u00edda, at\u00e9 porque o pre\u00e7o do ano passado se manteve e a comemora\u00e7\u00e3o do S\u00e3o Jo\u00e3o acontece no fim de semana\u201d, revela seu Edson Maciel.<\/p>\n<p style=\"text-align: justify;\">Com madeiras oriundas de S\u00e3o Crist\u00f3v\u00e3o e Itaporanga, o cliente tem at\u00e9 tr\u00eas op\u00e7\u00f5es de fogueiras com pre\u00e7os variados. A fogueira Arapuca, tamb\u00e9m chamada de Foguear\u00e3o, varia de R$ 25 a R$ 40 reais. J\u00e1 as fogueiras em P\u00e9, custam R$ 10 reais a pequena e R$ 15 reais a grande.<\/p>\n<p style=\"text-align: justify;\">Comercializando fogueiras a mais de 20 anos, Nildete dos Santos, espera vender todas as mais de 100 fogueiras at\u00e9 o fim do m\u00eas. \u201cEspero conseguir vender tudo at\u00e9 o S\u00e3o Pedro.<\/p>\n<p style=\"text-align: justify;\"><span style=\"color: #666699;\"><em><strong>Fl\u00e1vio Antunes Do G1 SE<\/strong><\/em><\/span><\/p>\n","protected":false},"excerpt":{"rendered":"<p>Cliente pode at\u00e9 escolher tr\u00eas op\u00e7\u00f5es de fogueiras. Pre\u00e7os de fogueiras variam de R$ 25 a R$ 40. Os festejos juninos se aproximam e com eles as tradi\u00e7\u00f5es. Uma delas \u00e9 a de reunir a fam\u00edlia em volta da fogueira. Se depender dos fogueiristas a tradi\u00e7\u00e3o ter\u00e1 a chama acesa. Instalados desde a \u00faltima quinta-feira [&hellip;]<\/p>\n","protected":false},"author":3,"featured_media":35075,"comment_status":"closed","ping_status":"closed","sticky":false,"template":"","format":"standard","meta":{"footnotes":""},"categories":[38],"tags":[],"class_list":{"0":"post-35074","1":"post","2":"type-post","3":"status-publish","4":"format-standard","5":"has-post-thumbnail","7":"category-municipios"},"_links":{"self":[{"href":"https:\/\/senoticias.com.br\/se\/wp-json\/wp\/v2\/posts\/35074"}],"collection":[{"href":"https:\/\/senoticias.com.br\/se\/wp-json\/wp\/v2\/posts"}],"about":[{"href":"https:\/\/senoticias.com.br\/se\/wp-json\/wp\/v2\/types\/post"}],"author":[{"embeddable":true,"href":"https:\/\/senoticias.com.br\/se\/wp-json\/wp\/v2\/users\/3"}],"replies":[{"embeddable":true,"href":"https:\/\/senoticias.com.br\/se\/wp-json\/wp\/v2\/comments?post=35074"}],"version-history":[{"count":0,"href":"https:\/\/senoticias.com.br\/se\/wp-json\/wp\/v2\/posts\/35074\/revisions"}],"wp:featuredmedia":[{"embeddable":true,"href":"https:\/\/senoticias.com.br\/se\/wp-json\/wp\/v2\/media\/35075"}],"wp:attachment":[{"href":"https:\/\/senoticias.com.br\/se\/wp-json\/wp\/v2\/media?parent=35074"}],"wp:term":[{"taxonomy":"category","embeddable":true,"href":"https:\/\/senoticias.com.br\/se\/wp-json\/wp\/v2\/categories?post=35074"},{"taxonomy":"post_tag","embeddable":true,"href":"https:\/\/senoticias.com.br\/se\/wp-json\/wp\/v2\/tags?post=35074"}],"curies":[{"name":"wp","href":"https:\/\/api.w.org\/{rel}","templated":true}]}}