{"id":35070,"date":"2012-06-21T19:24:39","date_gmt":"2012-06-21T22:24:39","guid":{"rendered":"http:\/\/senoticias.com.br\/se\/?p=35070"},"modified":"2012-06-21T19:24:39","modified_gmt":"2012-06-21T22:24:39","slug":"feira-das-trocas-justica-entende-que-a-desocupacao-do-local-deve-ser-mantida","status":"publish","type":"post","link":"https:\/\/senoticias.com.br\/se\/feira-das-trocas-justica-entende-que-a-desocupacao-do-local-deve-ser-mantida\/","title":{"rendered":"Feira das Trocas: Justi\u00e7a entende que a desocupa\u00e7\u00e3o do local deve ser mantida"},"content":{"rendered":"<p style=\"text-align: justify;\">\n<p>Acatando a manifesta\u00e7\u00e3o do Minist\u00e9rio P\u00fablico de Sergipe, na qualidade de fiscal da Lei, o Poder Judici\u00e1rio indeferiu o pedido liminar formulado pela Associa\u00e7\u00e3o dos Comerciantes Aut\u00f4nomos da Feira das Trocas em A\u00e7\u00e3o de Interdito Proibit\u00f3rio.<\/p>\n<p>A Associa\u00e7\u00e3o alegou ser leg\u00edtima possuidora do terreno que abrigava a Feira das Trocas e que foi desocupado recentemente, durante opera\u00e7\u00e3o fiscalizadora feita pelo Minist\u00e9rio P\u00fablico com o apoio das Pol\u00edcias Civil e Militar, Corpo de Bombeiros e Emsurb.<\/p>\n<p>De acordo com a decis\u00e3o judicial, os comerciantes alegaram que, assim que expirou o prazo do termo de cess\u00e3o de uso do terreno, assinado com o Estado de Sergipe, foi requerida a prorroga\u00e7\u00e3o e que, apesar de j\u00e1 haver o parecer favor\u00e1vel da Procuradoria Geral do Estado, o Poder Judici\u00e1rio ainda n\u00e3o havia apreciado tal pedido.<\/p>\n<p>Durante audi\u00eancia p\u00fablica realizada na 3\u00aa Vara C\u00edvel de Aracaju, na \u00faltima sexta-feira, dia 15 de junho, a manifesta\u00e7\u00e3o do Minist\u00e9rio P\u00fablico de Sergipe comprovou que, ap\u00f3s a expira\u00e7\u00e3o do prazo da cess\u00e3o de uso, em 03 de setembro de 2008, a referida Associa\u00e7\u00e3o n\u00e3o havia cumprido com v\u00e1rias cl\u00e1usulas estipuladas no instrumento de cess\u00e3o.<\/p>\n<p>\u201cAl\u00e9m disso, comprovamos, durante a opera\u00e7\u00e3o fiscalizadora, diversas irregularidades no local. Vale ressaltar a situa\u00e7\u00e3o prec\u00e1ria da estrutura f\u00edsica e a total aus\u00eancia de sistema de preven\u00e7\u00e3o contra inc\u00eandio\u201d, informou Dr. Daniel Carneiro Duarte, Promotor de Justi\u00e7a da Defesa do Consumidor.<\/p>\n<p>O Poder Judici\u00e1rio indeferiu a liminar e o local que abrigava a feira das trocas deve permanecer desocupado.<\/p>\n<p style=\"text-align: justify;\"><em><span style=\"color: #666699;\"><strong>MPE\/SE<\/strong><\/span><\/em><\/p>\n","protected":false},"excerpt":{"rendered":"<p>Acatando a manifesta\u00e7\u00e3o do Minist\u00e9rio P\u00fablico de Sergipe, na qualidade de fiscal da Lei, o Poder Judici\u00e1rio indeferiu o pedido liminar formulado pela Associa\u00e7\u00e3o dos Comerciantes Aut\u00f4nomos da Feira das Trocas em A\u00e7\u00e3o de Interdito Proibit\u00f3rio. A Associa\u00e7\u00e3o alegou ser leg\u00edtima possuidora do terreno que abrigava a Feira das Trocas e que foi desocupado recentemente, [&hellip;]<\/p>\n","protected":false},"author":2,"featured_media":0,"comment_status":"closed","ping_status":"closed","sticky":false,"template":"","format":"standard","meta":{"footnotes":""},"categories":[1],"tags":[],"class_list":{"0":"post-35070","1":"post","2":"type-post","3":"status-publish","4":"format-standard","6":"category-sem-categoria"},"_links":{"self":[{"href":"https:\/\/senoticias.com.br\/se\/wp-json\/wp\/v2\/posts\/35070"}],"collection":[{"href":"https:\/\/senoticias.com.br\/se\/wp-json\/wp\/v2\/posts"}],"about":[{"href":"https:\/\/senoticias.com.br\/se\/wp-json\/wp\/v2\/types\/post"}],"author":[{"embeddable":true,"href":"https:\/\/senoticias.com.br\/se\/wp-json\/wp\/v2\/users\/2"}],"replies":[{"embeddable":true,"href":"https:\/\/senoticias.com.br\/se\/wp-json\/wp\/v2\/comments?post=35070"}],"version-history":[{"count":0,"href":"https:\/\/senoticias.com.br\/se\/wp-json\/wp\/v2\/posts\/35070\/revisions"}],"wp:attachment":[{"href":"https:\/\/senoticias.com.br\/se\/wp-json\/wp\/v2\/media?parent=35070"}],"wp:term":[{"taxonomy":"category","embeddable":true,"href":"https:\/\/senoticias.com.br\/se\/wp-json\/wp\/v2\/categories?post=35070"},{"taxonomy":"post_tag","embeddable":true,"href":"https:\/\/senoticias.com.br\/se\/wp-json\/wp\/v2\/tags?post=35070"}],"curies":[{"name":"wp","href":"https:\/\/api.w.org\/{rel}","templated":true}]}}