{"id":35061,"date":"2012-06-21T16:05:43","date_gmt":"2012-06-21T19:05:43","guid":{"rendered":"http:\/\/senoticias.com.br\/se\/?p=35061"},"modified":"2012-06-21T16:06:31","modified_gmt":"2012-06-21T19:06:31","slug":"mpfse-e-receita-federal-vao-investigar-prefeituras-de-sergipe","status":"publish","type":"post","link":"https:\/\/senoticias.com.br\/se\/mpfse-e-receita-federal-vao-investigar-prefeituras-de-sergipe\/","title":{"rendered":"MPF\/SE e Receita Federal v\u00e3o investigar prefeituras de Sergipe"},"content":{"rendered":"<p style=\"text-align: justify;\"><a href=\"http:\/\/senoticias.com.br\/se\/wp-content\/uploads\/2011\/04\/MPF.jpg\"><img loading=\"lazy\" decoding=\"async\" class=\"alignleft size-thumbnail wp-image-4349\" title=\"MPF\" src=\"http:\/\/senoticias.com.br\/se\/wp-content\/uploads\/2011\/04\/MPF-150x150.jpg\" alt=\"\" width=\"150\" height=\"150\" srcset=\"https:\/\/senoticias.com.br\/se\/wp-content\/uploads\/2011\/04\/MPF-150x150.jpg 150w, https:\/\/senoticias.com.br\/se\/wp-content\/uploads\/2011\/04\/MPF-50x50.jpg 50w, https:\/\/senoticias.com.br\/se\/wp-content\/uploads\/2011\/04\/MPF-70x70.jpg 70w, https:\/\/senoticias.com.br\/se\/wp-content\/uploads\/2011\/04\/MPF-55x55.jpg 55w\" sizes=\"(max-width: 150px) 100vw, 150px\" \/><\/a>O Minist\u00e9rio P\u00fablico Federal em Sergipe (MPF\/SE) e a Receita Federal do Brasil (RFB) v\u00e3o investigar 49 munic\u00edpios sergipanos por poss\u00edveis irregularidades na compensa\u00e7\u00e3o tribut\u00e1ria e na apresenta\u00e7\u00e3o da Guia de Recolhimento do Fundo de Garantia por Tempo de Servi\u00e7o e Informa\u00e7\u00f5es \u00e0 Previd\u00eancia Social (GFIP).<\/p>\n<p style=\"text-align: justify;\">As irregularidades estariam sendo cometidas pelas prefeituras, c\u00e2maras de vereadores e fundos de sa\u00fade dos munic\u00edpios. Na primeira fase do trabalho ser\u00e3o investigados 18 munic\u00edpios.<\/p>\n<p style=\"text-align: justify;\">De acordo com levantamentos iniciais, realizados pela Receita, o dano ao patrim\u00f4nio da Uni\u00e3o pode atingir o valor de R$ 75 milh\u00f5es. Este valor aumenta a cada m\u00eas, j\u00e1 que os il\u00edcitos continuam sendo cometidos.<\/p>\n<p style=\"text-align: justify;\">Em reuni\u00e3o realizada na sede do MPF\/SE nesta ter\u00e7a-feira (19\/06), o procurador-chefe do MPF\/SE, Silvio Amorim Jr, a procuradora da Rep\u00fablica Eunice Dantas Carvalho e o delegado da Receita Federal em Sergipe, Fabio Menezes Souza, discutiram a atua\u00e7\u00e3o conjunta dos dois \u00f3rg\u00e3os nesse tipo de fraude e as provid\u00eancias preliminares que dever\u00e3o ser tomadas. Tamb\u00e9m participaram da reuni\u00e3o o delegado adjunto da Receita, Andr\u00e9 Ricardo Santana Passos, o chefe de fiscaliza\u00e7\u00e3o Gustavo Muniz e o auditor fiscal Jos\u00e9 Alberto Lima.<\/p>\n<p style=\"text-align: justify;\">Segundo Fabio Menezes, as fraudes investigadas s\u00e3o de tr\u00eas tipos. O primeiro seria a compensa\u00e7\u00e3o da GFIP com t\u00edtulos p\u00fablicos prescritos. Irregularidades semelhantes j\u00e1 foram detectadas pela Receita na prefeitura de Muribeca (SE) e resultaram no ajuizamento de uma a\u00e7\u00e3o de improbidade administrativa pelo MPF\/SE.<\/p>\n<p style=\"text-align: justify;\">Est\u00e3o sendo investigadas tamb\u00e9m irregularidades nas compensa\u00e7\u00f5es autorizadas pela Lei n\u00ba 8.212, que s\u00f3 poderiam ocorrer at\u00e9 2009, de acordo com uma decis\u00e3o do Supremo Tribunal Federal, mas possivelmente continuam sendo realizadas por alguns munic\u00edpios.<\/p>\n<p style=\"text-align: justify;\">Al\u00e9m disso, est\u00e3o sob an\u00e1lise compensa\u00e7\u00f5es ilegais de valores referentes a aux\u00edlio-doen\u00e7a e adicional de f\u00e9rias, que estariam sendo realizadas em desrespeito a decis\u00f5es judiciais, antes do tr\u00e2nsito em julgado das a\u00e7\u00f5es.<\/p>\n<p style=\"text-align: justify;\">De acordo com o procurador Silvio Amorim Jr, \u201cn\u00e3o h\u00e1 prazo para o t\u00e9rmino dos trabalhos, os quais prosseguir\u00e3o at\u00e9 a definitiva mudan\u00e7a de atua\u00e7\u00e3o dos munic\u00edpios, ou verifica\u00e7\u00e3o de que agem de forma regular\u201d.<\/p>\n<p style=\"text-align: justify;\"><strong>Relembre o caso \u2013<\/strong> O Minist\u00e9rio P\u00fablico Federal em Sergipe (MPF\/SE) est\u00e1 processando a prefeita do munic\u00edpio de Muribeca e mais quatro pessoas por usar recursos do munic\u00edpio para comprar t\u00edtulos p\u00fablicos vencidos. Esses documentos, inv\u00e1lidos, foram apresentados para pagamento de d\u00e9bitos na Receita Federal, durante o ano de 2011. O dano aos cofres p\u00fablicos da Uni\u00e3o foi estimado em R$ 2,4 milh\u00f5es. O processo tramita, atualmente, em segredo de Justi\u00e7a.<\/p>\n<p style=\"text-align: justify;\"><span style=\"color: #666699;\"><strong>Assessoria de Comunica\u00e7\u00e3o<\/strong><\/span><br \/>\n<span style=\"color: #666699;\"><strong>Minist\u00e9rio P\u00fablico Federal em Sergipe<\/strong><\/span><\/p>\n","protected":false},"excerpt":{"rendered":"<p>O Minist\u00e9rio P\u00fablico Federal em Sergipe (MPF\/SE) e a Receita Federal do Brasil (RFB) v\u00e3o investigar 49 munic\u00edpios sergipanos por poss\u00edveis irregularidades na compensa\u00e7\u00e3o tribut\u00e1ria e na apresenta\u00e7\u00e3o da Guia de Recolhimento do Fundo de Garantia por Tempo de Servi\u00e7o e Informa\u00e7\u00f5es \u00e0 Previd\u00eancia Social (GFIP). As irregularidades estariam sendo cometidas pelas prefeituras, c\u00e2maras de [&hellip;]<\/p>\n","protected":false},"author":3,"featured_media":4349,"comment_status":"closed","ping_status":"closed","sticky":false,"template":"","format":"standard","meta":{"footnotes":""},"categories":[6],"tags":[],"class_list":{"0":"post-35061","1":"post","2":"type-post","3":"status-publish","4":"format-standard","5":"has-post-thumbnail","7":"category-politica"},"_links":{"self":[{"href":"https:\/\/senoticias.com.br\/se\/wp-json\/wp\/v2\/posts\/35061"}],"collection":[{"href":"https:\/\/senoticias.com.br\/se\/wp-json\/wp\/v2\/posts"}],"about":[{"href":"https:\/\/senoticias.com.br\/se\/wp-json\/wp\/v2\/types\/post"}],"author":[{"embeddable":true,"href":"https:\/\/senoticias.com.br\/se\/wp-json\/wp\/v2\/users\/3"}],"replies":[{"embeddable":true,"href":"https:\/\/senoticias.com.br\/se\/wp-json\/wp\/v2\/comments?post=35061"}],"version-history":[{"count":0,"href":"https:\/\/senoticias.com.br\/se\/wp-json\/wp\/v2\/posts\/35061\/revisions"}],"wp:featuredmedia":[{"embeddable":true,"href":"https:\/\/senoticias.com.br\/se\/wp-json\/wp\/v2\/media\/4349"}],"wp:attachment":[{"href":"https:\/\/senoticias.com.br\/se\/wp-json\/wp\/v2\/media?parent=35061"}],"wp:term":[{"taxonomy":"category","embeddable":true,"href":"https:\/\/senoticias.com.br\/se\/wp-json\/wp\/v2\/categories?post=35061"},{"taxonomy":"post_tag","embeddable":true,"href":"https:\/\/senoticias.com.br\/se\/wp-json\/wp\/v2\/tags?post=35061"}],"curies":[{"name":"wp","href":"https:\/\/api.w.org\/{rel}","templated":true}]}}