{"id":35024,"date":"2012-06-21T07:42:14","date_gmt":"2012-06-21T10:42:14","guid":{"rendered":"http:\/\/senoticias.com.br\/se\/?p=35024"},"modified":"2012-06-21T14:31:18","modified_gmt":"2012-06-21T17:31:18","slug":"casamento-caipira-sera-uma-das-atracoes-do-sao-joao-de-malhador","status":"publish","type":"post","link":"https:\/\/senoticias.com.br\/se\/casamento-caipira-sera-uma-das-atracoes-do-sao-joao-de-malhador\/","title":{"rendered":"Casamento Caipira ser\u00e1 uma das atra\u00e7\u00f5es do S\u00e3o Jo\u00e3o de Malhador"},"content":{"rendered":"<p>Acontece no pr\u00f3ximo domingo, 24 de Junho na cidade de Malhador no agreste sergipano, o tradicional Casamento Caipira uma tradi\u00e7\u00e3o cultural que a cada ano atrai centenas de turistas ao munic\u00edpio.<\/p>\n<div id=\"attachment_35030\" style=\"width: 310px\" class=\"wp-caption alignleft\"><a href=\"http:\/\/senoticias.com.br\/se\/wp-content\/uploads\/2012\/06\/eb86764d34e41dae9eeb044df9cc1238.jpg\"><img loading=\"lazy\" decoding=\"async\" aria-describedby=\"caption-attachment-35030\" class=\"size-medium wp-image-35030\" title=\"eb86764d34e41dae9eeb044df9cc1238\" src=\"http:\/\/senoticias.com.br\/se\/wp-content\/uploads\/2012\/06\/eb86764d34e41dae9eeb044df9cc1238-300x224.jpg\" alt=\"\" width=\"300\" height=\"224\" srcset=\"https:\/\/senoticias.com.br\/se\/wp-content\/uploads\/2012\/06\/eb86764d34e41dae9eeb044df9cc1238-300x224.jpg 300w, https:\/\/senoticias.com.br\/se\/wp-content\/uploads\/2012\/06\/eb86764d34e41dae9eeb044df9cc1238-342x256.jpg 342w, https:\/\/senoticias.com.br\/se\/wp-content\/uploads\/2012\/06\/eb86764d34e41dae9eeb044df9cc1238-60x45.jpg 60w, https:\/\/senoticias.com.br\/se\/wp-content\/uploads\/2012\/06\/eb86764d34e41dae9eeb044df9cc1238-150x113.jpg 150w, https:\/\/senoticias.com.br\/se\/wp-content\/uploads\/2012\/06\/eb86764d34e41dae9eeb044df9cc1238-269x201.jpg 269w, https:\/\/senoticias.com.br\/se\/wp-content\/uploads\/2012\/06\/eb86764d34e41dae9eeb044df9cc1238.jpg 643w\" sizes=\"(max-width: 300px) 100vw, 300px\" \/><\/a><p id=\"caption-attachment-35030\" class=\"wp-caption-text\">Casamento Caipira ser\u00e1 uma das atra\u00e7\u00f5es do S\u00e3o Jo\u00e3o de Malhador<\/p><\/div>\n<p style=\"text-align: justify;\">O local da concentra\u00e7\u00e3o \u00e9 na Pra\u00e7a Coronel T\u00e9rcio Veras no centro da cidade. \u00c0s 14h, os vaqueiros sair\u00e3o em cortejo pelas principais ruas de Malhador em dire\u00e7\u00e3o ao Povoado Alecrim com amina\u00e7\u00e3o do cantor Bafaf\u00e1 o Rei das Cavalgadas. Durante o percurso, os vaqueiros passar\u00e3o pelos povoados Adique, Po\u00e7o Terreiro e Siebra at\u00e9 chegar ao Alecrim.<\/p>\n<p style=\"text-align: justify;\">No povoado Alecrim, haver\u00e1 premia\u00e7\u00f5es para a carro\u00e7a mais enfeitada, como tamb\u00e9m o sorteio de assess\u00f3rios para os vaqueiros. \u00c0 noite na pra\u00e7a de eventos de Malhador ter\u00e1 shows art\u00edsticos com atra\u00e7\u00e3o regionais.<\/p>\n<p style=\"text-align: justify;\">O munic\u00edpio de Malhador comemora todos os anos o S\u00e3o Jo\u00e3o. Os moradores montam arraias,enfeitam as ruas, al\u00e9m de assarem milhos e ascenderem fogueiras. A tradi\u00e7\u00e3o do Casamento Caipira, come\u00e7ou entre amigos que saiam montados a cavalo para comemorar o santo junino.<\/p>\n<p style=\"text-align: justify;\"><strong>Confira a programa\u00e7\u00e3o com shows art\u00edsticos a partir das 21h :<\/strong><\/p>\n<p style=\"text-align: justify;\">1 &#8211; Rita de C\u00e1ssia e banda<br \/>\n2 &#8211; Forroz\u00e3o Candeeiro de Prata<br \/>\n3 &#8211; Amor Selvagem<br \/>\n4 &#8211; Dez adones<\/p>\n<p style=\"text-align: justify;\">ASCOM \/ MALHADOR<\/p>\n","protected":false},"excerpt":{"rendered":"<p>Acontece no pr\u00f3ximo domingo, 24 de Junho na cidade de Malhador no agreste sergipano, o tradicional Casamento Caipira uma tradi\u00e7\u00e3o cultural que a cada ano atrai centenas de turistas ao munic\u00edpio. O local da concentra\u00e7\u00e3o \u00e9 na Pra\u00e7a Coronel T\u00e9rcio Veras no centro da cidade. \u00c0s 14h, os vaqueiros sair\u00e3o em cortejo pelas principais ruas [&hellip;]<\/p>\n","protected":false},"author":3,"featured_media":35030,"comment_status":"closed","ping_status":"closed","sticky":false,"template":"","format":"standard","meta":{"footnotes":""},"categories":[38],"tags":[],"class_list":{"0":"post-35024","1":"post","2":"type-post","3":"status-publish","4":"format-standard","5":"has-post-thumbnail","7":"category-municipios"},"_links":{"self":[{"href":"https:\/\/senoticias.com.br\/se\/wp-json\/wp\/v2\/posts\/35024"}],"collection":[{"href":"https:\/\/senoticias.com.br\/se\/wp-json\/wp\/v2\/posts"}],"about":[{"href":"https:\/\/senoticias.com.br\/se\/wp-json\/wp\/v2\/types\/post"}],"author":[{"embeddable":true,"href":"https:\/\/senoticias.com.br\/se\/wp-json\/wp\/v2\/users\/3"}],"replies":[{"embeddable":true,"href":"https:\/\/senoticias.com.br\/se\/wp-json\/wp\/v2\/comments?post=35024"}],"version-history":[{"count":0,"href":"https:\/\/senoticias.com.br\/se\/wp-json\/wp\/v2\/posts\/35024\/revisions"}],"wp:featuredmedia":[{"embeddable":true,"href":"https:\/\/senoticias.com.br\/se\/wp-json\/wp\/v2\/media\/35030"}],"wp:attachment":[{"href":"https:\/\/senoticias.com.br\/se\/wp-json\/wp\/v2\/media?parent=35024"}],"wp:term":[{"taxonomy":"category","embeddable":true,"href":"https:\/\/senoticias.com.br\/se\/wp-json\/wp\/v2\/categories?post=35024"},{"taxonomy":"post_tag","embeddable":true,"href":"https:\/\/senoticias.com.br\/se\/wp-json\/wp\/v2\/tags?post=35024"}],"curies":[{"name":"wp","href":"https:\/\/api.w.org\/{rel}","templated":true}]}}