{"id":35015,"date":"2012-06-21T07:09:51","date_gmt":"2012-06-21T10:09:51","guid":{"rendered":"http:\/\/senoticias.com.br\/se\/?p=35015"},"modified":"2012-06-21T07:18:39","modified_gmt":"2012-06-21T10:18:39","slug":"petrobras-convence-dilma-e-combustivel-deve-subir-ate-10","status":"publish","type":"post","link":"https:\/\/senoticias.com.br\/se\/petrobras-convence-dilma-e-combustivel-deve-subir-ate-10\/","title":{"rendered":"Petrobras convence Dilma e combust\u00edvel deve subir at\u00e9 10%"},"content":{"rendered":"<p style=\"text-align: justify;\"><a href=\"http:\/\/senoticias.com.br\/se\/wp-content\/uploads\/2012\/06\/Aumento.jpeg\"><img loading=\"lazy\" decoding=\"async\" class=\"alignleft size-full wp-image-35019\" title=\"Aumento\" src=\"http:\/\/senoticias.com.br\/se\/wp-content\/uploads\/2012\/06\/Aumento.jpeg\" alt=\"\" width=\"225\" height=\"225\" srcset=\"https:\/\/senoticias.com.br\/se\/wp-content\/uploads\/2012\/06\/Aumento.jpeg 225w, https:\/\/senoticias.com.br\/se\/wp-content\/uploads\/2012\/06\/Aumento-150x150.jpg 150w, https:\/\/senoticias.com.br\/se\/wp-content\/uploads\/2012\/06\/Aumento-50x50.jpg 50w, https:\/\/senoticias.com.br\/se\/wp-content\/uploads\/2012\/06\/Aumento-70x70.jpg 70w, https:\/\/senoticias.com.br\/se\/wp-content\/uploads\/2012\/06\/Aumento-55x55.jpg 55w\" sizes=\"(max-width: 225px) 100vw, 225px\" \/><\/a>A equipe econ\u00f4mica prometeu \u00e0 dire\u00e7\u00e3o da Petrobras definir, at\u00e9 o pr\u00f3ximo m\u00eas, o percentual de reajuste de combust\u00edveis reivindicado pela estatal e quando ele entrar\u00e1 em vigor.<\/p>\n<p style=\"text-align: justify;\">Segundo a Folha apurou, a decis\u00e3o de conceder o aumento j\u00e1 conta com o aval do Pal\u00e1cio do Planalto.<\/p>\n<p style=\"text-align: justify;\">Falta definir exatamente o percentual, que deve ser de 10% para a gasolina na refinaria, mesmo valor do reajuste de outubro de 2011.<\/p>\n<p style=\"text-align: justify;\">A expectativa \u00e9 que comece a vigorar imediatamente e que n\u00e3o seja repassado integralmente ao consumidor.<\/p>\n<p style=\"text-align: justify;\">A ala pol\u00edtica do governo tem defendido, por\u00e9m, um adiamento estrat\u00e9gico para depois das elei\u00e7\u00f5es municipais, diante do receio de impacto negativo para os candidatos da base aliada. O Planalto ficou de dar uma palavra final ap\u00f3s a Rio+20.<\/p>\n<p style=\"text-align: justify;\">A promessa do reajuste foi repassada \u00e0 presidente da Petrobras, Gra\u00e7a Foster, antes da aprova\u00e7\u00e3o do plano de investimentos da estatal, de US$ 236,5 bilh\u00f5es at\u00e9 2016 &#8211;5,2% mais do que o anterior, que previa investimentos de US$ 224,7 bilh\u00f5es entre 2011 e 2015.<\/p>\n<p style=\"text-align: justify;\">Gra\u00e7a j\u00e1 havia avisado \u00e0 presidente Dilma que o congelamento de pre\u00e7o dos combust\u00edveis estava afetando a gera\u00e7\u00e3o de caixa da empresa e comprometendo sua capacidade de investimentos.<\/p>\n<p style=\"text-align: justify;\">O Conselho de Administra\u00e7\u00e3o aprovou, na semana passada, um aumento pequeno nos investimentos. Ao elaborar o plano, a estatal embutiu nos c\u00e1lculos reajuste de 15% nos combust\u00edveis.<\/p>\n<p style=\"text-align: justify;\">T\u00e9cnicos n\u00e3o acreditam, por\u00e9m, que o governo venha a autorizar um aumento dessa ordem no pr\u00f3ximo m\u00eas. O percentual tido como mais realista \u00e9 de 10%, que n\u00e3o deve ser repassado totalmente para os consumidores.<\/p>\n<p style=\"text-align: justify;\"><strong>CIDE<\/strong><\/p>\n<p style=\"text-align: justify;\">Oficialmente, o governo n\u00e3o confirma a decis\u00e3o de conceder o reajuste, cuja possibilidade foi admitida anteontem pelo ministro Edison Lob\u00e3o (Minas e Energia) &#8211;o que teve impacto positivo na valor das a\u00e7\u00f5es da Petrobras.<\/p>\n<p style=\"text-align: justify;\">Para evitar que o aumento seja repassado ao consumidor final, o governo pode se valer, novamente, da estrat\u00e9gia de reduzir o percentual da Cide (contribui\u00e7\u00e3o destinada a regular o pre\u00e7o dos combust\u00edveis) que incide sobre o valor da gasolina e do diesel.<\/p>\n<p style=\"text-align: justify;\">O espa\u00e7o para essa manobra est\u00e1 cada vez menor. Hoje, para reajustar o pre\u00e7o da gasolina em 8% sem repass\u00e1-lo ao consumidor final, o governo teria de zerar a cobran\u00e7a da Cide sobre o combust\u00edvel. No caso do diesel, o reajuste m\u00e1ximo seria de 4%.<\/p>\n<p style=\"text-align: justify;\"><span style=\"color: #666699;\"><em><strong>VALDO CRUZ E NATUZA NERY &#8211; DE BRAS\u00cdLIA<\/strong><\/em><\/span><\/p>\n","protected":false},"excerpt":{"rendered":"<p>A equipe econ\u00f4mica prometeu \u00e0 dire\u00e7\u00e3o da Petrobras definir, at\u00e9 o pr\u00f3ximo m\u00eas, o percentual de reajuste de combust\u00edveis reivindicado pela estatal e quando ele entrar\u00e1 em vigor. Segundo a Folha apurou, a decis\u00e3o de conceder o aumento j\u00e1 conta com o aval do Pal\u00e1cio do Planalto. Falta definir exatamente o percentual, que deve ser [&hellip;]<\/p>\n","protected":false},"author":3,"featured_media":35019,"comment_status":"closed","ping_status":"closed","sticky":false,"template":"","format":"standard","meta":{"footnotes":""},"categories":[6],"tags":[],"class_list":{"0":"post-35015","1":"post","2":"type-post","3":"status-publish","4":"format-standard","5":"has-post-thumbnail","7":"category-politica"},"_links":{"self":[{"href":"https:\/\/senoticias.com.br\/se\/wp-json\/wp\/v2\/posts\/35015"}],"collection":[{"href":"https:\/\/senoticias.com.br\/se\/wp-json\/wp\/v2\/posts"}],"about":[{"href":"https:\/\/senoticias.com.br\/se\/wp-json\/wp\/v2\/types\/post"}],"author":[{"embeddable":true,"href":"https:\/\/senoticias.com.br\/se\/wp-json\/wp\/v2\/users\/3"}],"replies":[{"embeddable":true,"href":"https:\/\/senoticias.com.br\/se\/wp-json\/wp\/v2\/comments?post=35015"}],"version-history":[{"count":0,"href":"https:\/\/senoticias.com.br\/se\/wp-json\/wp\/v2\/posts\/35015\/revisions"}],"wp:featuredmedia":[{"embeddable":true,"href":"https:\/\/senoticias.com.br\/se\/wp-json\/wp\/v2\/media\/35019"}],"wp:attachment":[{"href":"https:\/\/senoticias.com.br\/se\/wp-json\/wp\/v2\/media?parent=35015"}],"wp:term":[{"taxonomy":"category","embeddable":true,"href":"https:\/\/senoticias.com.br\/se\/wp-json\/wp\/v2\/categories?post=35015"},{"taxonomy":"post_tag","embeddable":true,"href":"https:\/\/senoticias.com.br\/se\/wp-json\/wp\/v2\/tags?post=35015"}],"curies":[{"name":"wp","href":"https:\/\/api.w.org\/{rel}","templated":true}]}}