{"id":34990,"date":"2012-06-21T09:52:55","date_gmt":"2012-06-21T12:52:55","guid":{"rendered":"http:\/\/senoticias.com.br\/se\/?p=34990"},"modified":"2013-05-18T13:00:09","modified_gmt":"2013-05-18T16:00:09","slug":"sao-cristovao-voltara-a-ser-capital-do-estado-por-um-dia","status":"publish","type":"post","link":"https:\/\/senoticias.com.br\/se\/sao-cristovao-voltara-a-ser-capital-do-estado-por-um-dia\/","title":{"rendered":"S\u00e3o Crist\u00f3v\u00e3o voltar\u00e1 a ser capital do Estado por um dia"},"content":{"rendered":"<div id=\"attachment_1931\" style=\"width: 310px\" class=\"wp-caption alignleft\"><a href=\"http:\/\/senoticias.com.br\/se\/wp-content\/uploads\/2011\/02\/Pra%C3%A7a-S%C3%A3o-Francisco-nosso-Patrim%C3%B4nio-da-Humanidade-Foto-Kadja-Albuquerque.jpg\"><img loading=\"lazy\" decoding=\"async\" aria-describedby=\"caption-attachment-1931\" class=\"size-medium wp-image-1931\" title=\"Pra\u00e7a-S\u00e3o-Francisco-nosso-Patrim\u00f4nio-da-Humanidade-Foto-Kadja-Albuquerque\" src=\"http:\/\/senoticias.com.br\/se\/wp-content\/uploads\/2011\/02\/Pra%C3%A7a-S%C3%A3o-Francisco-nosso-Patrim%C3%B4nio-da-Humanidade-Foto-Kadja-Albuquerque-300x199.jpg\" alt=\"\" width=\"300\" height=\"199\" \/><\/a><p id=\"caption-attachment-1931\" class=\"wp-caption-text\">Pra\u00e7a S\u00e3o Francisco, nosso Patrim\u00f4nio da Humanidade \/ Foto: Arquivo Kadydja Albuquerque<\/p><\/div>\n<p style=\"text-align: justify;\">S\u00e3o Crist\u00f3v\u00e3o voltar\u00e1 a ser capital do Estado novamente. E por um dia. O projeto que transfere a capital do Estado de Aracaju para S\u00e3o Crist\u00f3v\u00e3o, de autoria do Poder Executivo, foi aprovado nas comiss\u00f5es tem\u00e1ticas na \u00faltima ter\u00e7a-feira pela manh\u00e3 (19.6). A transfer\u00eancia ocorrer\u00e1 no dia 8 de julho. Os parlamentares aprovaram ainda um pacote de projetos de autoria do governo, do Tribunal de Justi\u00e7a e de autoria dos pr\u00f3prios deputados.<\/p>\n<p style=\"text-align: justify;\">De autoria do Poder Executivo foram aprovadas as concess\u00f5es de cr\u00e9dito para aplica\u00e7\u00e3o em obras de recursos h\u00eddricos e na agricultura sergipana. Foram aprovadas ainda v\u00e1rias proposituras que garantem a concess\u00e3o de pr\u00e9dios do Estado para munic\u00edpios como General Maynard, que ter\u00e1 a cess\u00e3o de um pr\u00e9dio de uma escola estadual, e Nossa Senhora das Dores, que utilizar\u00e1 terreno para a amplia\u00e7\u00e3o de p\u00f3lo da Universidade Aberta.<\/p>\n<p style=\"text-align: justify;\">Do Poder Judici\u00e1rio os parlamentares aprovaram nas comiss\u00f5es projeto que cria cargos de juiz substituto, analista judici\u00e1rio e assessor de juiz, al\u00e9m de proposta que autoriza o Poder Executivo a conceder um im\u00f3vel no povoado Oiteirinhos, em Gararu, para o uso do munic\u00edpio.<\/p>\n<p style=\"text-align: justify;\">Projetos de Lei de autoria do deputado estadual Augusto Bezerra tamb\u00e9m foram aprovados hoje nas comiss\u00f5es. Um deles determina que o Estado garanta a contrata\u00e7\u00e3o de 40% de artistas sergipanos em eventos promovidos pelo governo estadual. E da deputada estadual Ana L\u00facia foi aprovado projeto que obriga as escolas da rede estadual a acatar o nome social de travestis, transexuais e transg\u00eaneros.<\/p>\n<p style=\"text-align: justify;\">Das deputadas estaduais Goretti Reis e Maria Mendon\u00e7a foi aprovado projeto que veta o uso de jalecos fora do ambiente hospitalar por profissionais da sa\u00fade. Tamb\u00e9m foi aprovado propositura que garante vagas de est\u00e1gios em \u00f3rg\u00e3os e secretarias do Estado para estudantes das redes p\u00fablica estadual e municipal. Os projetos ser\u00e3o votados nesta quarta-feira, em Plen\u00e1rio.<\/p>\n<p style=\"text-align: justify;\"><span style=\"color: #666699;\"><strong>Da Ag\u00eancia Alese<\/strong><\/span><\/p>\n","protected":false},"excerpt":{"rendered":"<p>S\u00e3o Crist\u00f3v\u00e3o voltar\u00e1 a ser capital do Estado novamente. E por um dia. O projeto que transfere a capital do Estado de Aracaju para S\u00e3o Crist\u00f3v\u00e3o, de autoria do Poder Executivo, foi aprovado nas comiss\u00f5es tem\u00e1ticas na \u00faltima ter\u00e7a-feira pela manh\u00e3 (19.6). A transfer\u00eancia ocorrer\u00e1 no dia 8 de julho. Os parlamentares aprovaram ainda um [&hellip;]<\/p>\n","protected":false},"author":3,"featured_media":1931,"comment_status":"closed","ping_status":"closed","sticky":false,"template":"","format":"standard","meta":{"footnotes":""},"categories":[38,3],"tags":[],"class_list":{"0":"post-34990","1":"post","2":"type-post","3":"status-publish","4":"format-standard","5":"has-post-thumbnail","7":"category-municipios","8":"category-saocristovao"},"_links":{"self":[{"href":"https:\/\/senoticias.com.br\/se\/wp-json\/wp\/v2\/posts\/34990"}],"collection":[{"href":"https:\/\/senoticias.com.br\/se\/wp-json\/wp\/v2\/posts"}],"about":[{"href":"https:\/\/senoticias.com.br\/se\/wp-json\/wp\/v2\/types\/post"}],"author":[{"embeddable":true,"href":"https:\/\/senoticias.com.br\/se\/wp-json\/wp\/v2\/users\/3"}],"replies":[{"embeddable":true,"href":"https:\/\/senoticias.com.br\/se\/wp-json\/wp\/v2\/comments?post=34990"}],"version-history":[{"count":0,"href":"https:\/\/senoticias.com.br\/se\/wp-json\/wp\/v2\/posts\/34990\/revisions"}],"wp:featuredmedia":[{"embeddable":true,"href":"https:\/\/senoticias.com.br\/se\/wp-json\/wp\/v2\/media\/1931"}],"wp:attachment":[{"href":"https:\/\/senoticias.com.br\/se\/wp-json\/wp\/v2\/media?parent=34990"}],"wp:term":[{"taxonomy":"category","embeddable":true,"href":"https:\/\/senoticias.com.br\/se\/wp-json\/wp\/v2\/categories?post=34990"},{"taxonomy":"post_tag","embeddable":true,"href":"https:\/\/senoticias.com.br\/se\/wp-json\/wp\/v2\/tags?post=34990"}],"curies":[{"name":"wp","href":"https:\/\/api.w.org\/{rel}","templated":true}]}}