{"id":34985,"date":"2012-06-20T20:49:23","date_gmt":"2012-06-20T23:49:23","guid":{"rendered":"http:\/\/senoticias.com.br\/se\/?p=34985"},"modified":"2012-06-20T20:49:58","modified_gmt":"2012-06-20T23:49:58","slug":"psc-e-pp-decidiram-por-venancio-fonseca-sobre-a-pma","status":"publish","type":"post","link":"https:\/\/senoticias.com.br\/se\/psc-e-pp-decidiram-por-venancio-fonseca-sobre-a-pma\/","title":{"rendered":"PSC e PP decidiram por Ven\u00e2ncio Fonseca sobre a PMA"},"content":{"rendered":"<p style=\"text-align: justify;\"><a href=\"http:\/\/senoticias.com.br\/se\/wp-content\/uploads\/2012\/06\/DSC_0439.jpg\"><img loading=\"lazy\" decoding=\"async\" class=\"alignleft size-medium wp-image-34986\" title=\"DSC_0439\" src=\"http:\/\/senoticias.com.br\/se\/wp-content\/uploads\/2012\/06\/DSC_0439-300x199.jpg\" alt=\"\" width=\"300\" height=\"199\" srcset=\"https:\/\/senoticias.com.br\/se\/wp-content\/uploads\/2012\/06\/DSC_0439-300x199.jpg 300w, https:\/\/senoticias.com.br\/se\/wp-content\/uploads\/2012\/06\/DSC_0439-342x227.jpg 342w, https:\/\/senoticias.com.br\/se\/wp-content\/uploads\/2012\/06\/DSC_0439.jpg 643w\" sizes=\"(max-width: 300px) 100vw, 300px\" \/><\/a>As manchetes dos principais jornais sergipanos destacam sobre os novos desfechos para a corrida a sucess\u00e3o municipal em Aracaju. O nome do l\u00edder da oposi\u00e7\u00e3o na Assembleia Legislativa, deputado Ven\u00e2ncio Fonseca (PP), desde o \u00faltimo s\u00e1bado, surge como uma nova alternativa para o eleitorado e para dar musculatura \u00e0 corrida.<\/p>\n<p style=\"text-align: justify;\">Ven\u00e2ncio estava em Bras\u00edlia, desde a \u00faltima segunda-feira, 18, acompanhado do senador Eduardo Amorim (PSC) e pelos empres\u00e1rios Edivan Amorim (PTB) e Lauro Ant\u00f4nio (PR), do deputado estadual Zeca da Silva (PSC), do deputado federal Andr\u00e9 Moura (PSC) e do presidente do Diret\u00f3rio Estadual do PTB, Gilton Garcia, para reuni\u00f5es com o Diret\u00f3rio Nacional do Partido Progressista a cargo do senador Francisco Dorneles e do Partido Social Crist\u00e3o na pessoa do Pastor Everaldo Pereira.<\/p>\n<p style=\"text-align: justify;\"><strong>Entendimento de grupo<\/strong><\/p>\n<p style=\"text-align: justify;\">O nome do deputado estadual Zeca da Silva foi cogitado pelos Diret\u00f3rios do PSC, seguindo orienta\u00e7\u00e3o para colocar candidatos a prefeito da pr\u00f3pria sigla em todos os munic\u00edpios, principalmente, nas capitais do pa\u00eds, por\u00e9m houve um entendimento partid\u00e1rio entre PSC e PP. Vale ressaltar que os partidos j\u00e1 andavam de m\u00e3os dadas no estado de Sergipe, ampliando os entendimentos a n\u00edvel nacional.<\/p>\n<p style=\"text-align: justify;\">\u201cMeu nome estava sendo avaliado dentro das bases do PSC. Pol\u00edtica \u00e9 um segmento din\u00e2mico, eu sempre pensei no agrupamento em que participo, em ampli\u00e1-lo, em conceber musculatura. Logo ap\u00f3s o entendimento nacional entorno do nome do deputado Ven\u00e2ncio para integrar ao bloco do PSC eu retirei meu nome de imediato, justamente para facilitar o entendimento n\u00e3o s\u00f3 em Aracaju, mas em todo o estado de Sergipe, tanto para a pr\u00f3xima elei\u00e7\u00e3o, quanto para o futuro\u201d, justificou o deputado Zeca da Silva.<\/p>\n<p style=\"text-align: justify;\">O entendimento partid\u00e1rio foi fruto de longas reuni\u00f5es em Bras\u00edlia, com todos os partidos que integram o grupo, para ele os resultados foram concretos e em boa harmonia. Segundo Zeca, o nome de Ven\u00e2ncio ser\u00e1 apresentado ao agrupamento em Sergipe at\u00e9 a sexta-feira, 22. \u201cVamos avaliar a viabilidade da pr\u00e9-candidatura do deputado Ven\u00e2ncio Fonseca\u201d, disse ao completar ainda \u201cSe \u00e9 para o bem do crescimento do grupo com muita tranquilidade e equil\u00edbrio, estarei nas ruas de Aracaju de bra\u00e7os dados com Ven\u00e2ncio\u201d.<\/p>\n<p style=\"text-align: justify;\">\u201cTemos que reconhecer o desprendimento e elogiar a atitude louv\u00e1vel do deputado Zeca da Silva, que em prol do crescimento e fortalecimento do grupo facilitou a composi\u00e7\u00e3o pol\u00edtica, retirando seu nome e passa a comungar com um \u00fanico prop\u00f3sito: o grupo ao qual pertencemos\u201d, retribui Ven\u00e2ncio.<\/p>\n<p style=\"text-align: justify;\">\u201cQuem quiser colocar essa pecha de trai\u00e7\u00e3o em mim e em meu grupo quebrou a cara, porque sou um homem de partido, tenho 12 anos na pol\u00edtica e todos os anos com Amorim, portanto, n\u00e3o \u00e9 uma rela\u00e7\u00e3o, como alguns querem passar, tumultuada, muito pelo contr\u00e1rio\u201d, enfatizou Zeca ao dizer que a pessoa de Ven\u00e2ncio agrada todo o agrupamento, para ele \u00e9 um deputado experiente, que mostra equil\u00edbrio. \u201cEle tem um bom tr\u00e2nsito com todos os deputados da Assembleia\u201d, disse.<\/p>\n<p style=\"text-align: justify;\"><strong>Aceita\u00e7\u00e3o de Ven\u00e2ncio Fonseca<\/strong><\/p>\n<p style=\"text-align: justify;\">Nas \u00faltimas elei\u00e7\u00f5es o deputado Ven\u00e2ncio Fonseca disponibilizou o seu apoio abertamente ao agrupamento formado pelo PSC, acompanhando a \u00e9poca a chapa federal composta por Eduardo Amorim como senador e Andr\u00e9 Moura como deputado. A aceita\u00e7\u00e3o do seu nome n\u00e3o foi um entrave durante as reuni\u00f5es em Bras\u00edlia. \u201cAs reuni\u00f5es em Bras\u00edlia entre PSC e PP decidiram que os partidos ir\u00e3o caminhar juntos em Sergipe j\u00e1 a partir de 2012\u201d, comunicou Ven\u00e2ncio.<\/p>\n<p style=\"text-align: justify;\">Segundo o deputado a disposi\u00e7\u00e3o do PP para candidaturas nos munic\u00edpios, assim como o a do PSC j\u00e1 estava bem definida. \u201cDecidimos que iremos caminhar juntos nessa composi\u00e7\u00e3o presente e futura. O meu nome est\u00e1 \u00e0 disposi\u00e7\u00e3o\u201d, afirmou.<\/p>\n<p style=\"text-align: justify;\"><strong>Comunicado a Jo\u00e3o Alves Filho<\/strong><\/p>\n<p style=\"text-align: justify;\">\u201cTudo que estou relatando aqui em Bras\u00edlia, j\u00e1 tinha comunicado antes, em uma conversa com ex-governador Jo\u00e3o Alves Filho. Da inten\u00e7\u00e3o do PP em marchar junto com o PSC em Sergipe, at\u00e9 porque os dois partidos estavam fazendo composi\u00e7\u00f5es em outros estados. Seria uma maneira de retribuir o tratamento de respeito entre as agremia\u00e7\u00f5es\u201d, comunicou Ven\u00e2ncio ao informar com tranquilidade que \u201cirei procurar o ex-governador Jo\u00e3o Alves para relatar todos os acontecimentos, porque na minha vida p\u00fablica nunca houve subterf\u00fagios. Ajo nas claras e com sinceridade. Sou amigo, mas n\u00e3o sou subserviente e n\u00e3o tenho nada a esconder. Todos os meus atos, na minha vida p\u00fablica, responderei com tranquilidade\u201d, completou.<\/p>\n<p style=\"text-align: justify;\"><em><span style=\"color: #666699;\"><strong>Da Assessoria de Imprensa do PSC<\/strong><\/span><\/em><\/p>\n","protected":false},"excerpt":{"rendered":"<p>As manchetes dos principais jornais sergipanos destacam sobre os novos desfechos para a corrida a sucess\u00e3o municipal em Aracaju. O nome do l\u00edder da oposi\u00e7\u00e3o na Assembleia Legislativa, deputado Ven\u00e2ncio Fonseca (PP), desde o \u00faltimo s\u00e1bado, surge como uma nova alternativa para o eleitorado e para dar musculatura \u00e0 corrida. Ven\u00e2ncio estava em Bras\u00edlia, desde [&hellip;]<\/p>\n","protected":false},"author":3,"featured_media":34986,"comment_status":"closed","ping_status":"closed","sticky":false,"template":"","format":"standard","meta":{"footnotes":""},"categories":[6],"tags":[],"class_list":{"0":"post-34985","1":"post","2":"type-post","3":"status-publish","4":"format-standard","5":"has-post-thumbnail","7":"category-politica"},"_links":{"self":[{"href":"https:\/\/senoticias.com.br\/se\/wp-json\/wp\/v2\/posts\/34985"}],"collection":[{"href":"https:\/\/senoticias.com.br\/se\/wp-json\/wp\/v2\/posts"}],"about":[{"href":"https:\/\/senoticias.com.br\/se\/wp-json\/wp\/v2\/types\/post"}],"author":[{"embeddable":true,"href":"https:\/\/senoticias.com.br\/se\/wp-json\/wp\/v2\/users\/3"}],"replies":[{"embeddable":true,"href":"https:\/\/senoticias.com.br\/se\/wp-json\/wp\/v2\/comments?post=34985"}],"version-history":[{"count":0,"href":"https:\/\/senoticias.com.br\/se\/wp-json\/wp\/v2\/posts\/34985\/revisions"}],"wp:featuredmedia":[{"embeddable":true,"href":"https:\/\/senoticias.com.br\/se\/wp-json\/wp\/v2\/media\/34986"}],"wp:attachment":[{"href":"https:\/\/senoticias.com.br\/se\/wp-json\/wp\/v2\/media?parent=34985"}],"wp:term":[{"taxonomy":"category","embeddable":true,"href":"https:\/\/senoticias.com.br\/se\/wp-json\/wp\/v2\/categories?post=34985"},{"taxonomy":"post_tag","embeddable":true,"href":"https:\/\/senoticias.com.br\/se\/wp-json\/wp\/v2\/tags?post=34985"}],"curies":[{"name":"wp","href":"https:\/\/api.w.org\/{rel}","templated":true}]}}