{"id":34976,"date":"2012-06-20T20:24:20","date_gmt":"2012-06-20T23:24:20","guid":{"rendered":"http:\/\/senoticias.com.br\/se\/?p=34976"},"modified":"2012-06-21T15:38:07","modified_gmt":"2012-06-21T18:38:07","slug":"governo-continua-trabalhando-para-amenizar-os-efeitos-da-seca-em-sergipe","status":"publish","type":"post","link":"https:\/\/senoticias.com.br\/se\/governo-continua-trabalhando-para-amenizar-os-efeitos-da-seca-em-sergipe\/","title":{"rendered":"Governo continua trabalhando para amenizar os efeitos da seca em Sergipe"},"content":{"rendered":"<div id=\"attachment_34979\" style=\"width: 310px\" class=\"wp-caption alignleft\"><a href=\"http:\/\/senoticias.com.br\/se\/wp-content\/uploads\/2012\/06\/Recupera%C3%A7%C3%A3o-da-capacidade-de-armazenamento-da-barragem-de-Vaca-Serrada-em-Monte-Alegre-Foto-Marcelle-CristinneASN.jpg\"><img loading=\"lazy\" decoding=\"async\" aria-describedby=\"caption-attachment-34979\" class=\"size-medium wp-image-34979\" title=\"Recupera\u00e7\u00e3o da capacidade de armazenamento da barragem de Vaca Serrada, em Monte Alegre  Foto Marcelle CristinneASN\" src=\"http:\/\/senoticias.com.br\/se\/wp-content\/uploads\/2012\/06\/Recupera%C3%A7%C3%A3o-da-capacidade-de-armazenamento-da-barragem-de-Vaca-Serrada-em-Monte-Alegre-Foto-Marcelle-CristinneASN-300x199.jpg\" alt=\"\" width=\"300\" height=\"199\" \/><\/a><p id=\"caption-attachment-34979\" class=\"wp-caption-text\">Recupera\u00e7\u00e3o da capacidade de armazenamento da barragem de Vaca Serrada, em Monte Alegre. (Foto Marcelle Cristinne\/ASN)<\/p><\/div>\n<p style=\"text-align: justify;\">O Governo do Estado continua trabalhando para diminuir os efeitos da seca no estado. Al\u00e9m do aumento superior a 40% na oferta de \u00e1gua e alimentos, a recupera\u00e7\u00e3o de cerca de 100 pequenas aguadas, distribu\u00eddas pelo interior, come\u00e7a a ampliar a capacidade de reserva h\u00eddrica dos pequenos produtores afetados. As a\u00e7\u00f5es emergenciais do Plano de Combate \u00e0 Seca, apresentado pelo governador Marcelo D\u00e9da, em maio, vem beneficiando e oferecendo as condi\u00e7\u00f5es necess\u00e1rias para que a popula\u00e7\u00e3o do Sert\u00e3o enfrente os efeitos da estiagem com dignidade. S\u00f3 nos seis primeiros meses de opera\u00e7\u00e3o pipa, o Estado j\u00e1 investiu R$ 4 milh\u00f5es.<\/p>\n<p style=\"text-align: justify;\">Fruto de um esfor\u00e7o conjunto dos governos federal e estadual, as a\u00e7\u00f5es tem possibilitado a oferta de 5.203 carradas de \u00e1gua mensalmente, atrav\u00e9s dos caminh\u00f5es-pipas contratados pelo Governo e j\u00e1 distribuiu mais de 43.360 mil cestas de alimentos, 1.363 s\u00f3 na \u00faltima ter\u00e7a-feira, 19, em Canind\u00e9 de S\u00e3o Francisco. Os pr\u00f3ximos munic\u00edpios beneficiados com as cestas ser\u00e3o Po\u00e7o Redondo e Porto da Folha.<\/p>\n<p style=\"text-align: justify;\">Outro destaque do plano foi, a j\u00e1 conclu\u00edda, recupera\u00e7\u00e3o da barragem de Vaca Serrada. Constru\u00edda em 1960 no munic\u00edpio de Monte Alegre, a barragem, localizada no povoado de mesmo nome, possui import\u00e2ncia estrat\u00e9gica na regi\u00e3o, mas nunca havia passado por uma ampla a\u00e7\u00e3o de manuten\u00e7\u00e3o e recupera\u00e7\u00e3o de sua capacidade como a que foi realizada.<\/p>\n<p style=\"text-align: justify;\"><strong>Bolsa Estiagem e Garantia Safra<\/strong><\/p>\n<p style=\"text-align: justify;\">Tamb\u00e9m na ter\u00e7a-feira, 19, os 18 munic\u00edpios em situa\u00e7\u00e3o de emerg\u00eancia tamb\u00e9m come\u00e7aram a receber a primeira parcela do Bolsa Estiagem, no valor de R$ 80. Dividido em cinco parcelas, o benef\u00edcio no valor total de R$ 400, disponibilizado por meio do cart\u00e3o de pagamento do Bolsa Fam\u00edlia ou do Cart\u00e3o Cidad\u00e3o, da Caixa Econ\u00f4mica Federal, ter\u00e1 um investimento total em Sergipe superior a R$ 7 milh\u00f5es. O programa do governo federal beneficiar\u00e1 14.105 agricultores familiares inscritos no Cad\u00danico.<\/p>\n<p style=\"text-align: justify;\">J\u00e1 os 12.808 inscritos no Garantia Safra dever\u00e3o come\u00e7ar a receber o repasse a partir de agosto, ap\u00f3s os laudos de avalia\u00e7\u00e3o da Empresa de Desenvolvimento Agropecu\u00e1rio de Sergipe (Emdagro), que constatem os danos nas lavouras, devido \u00e0 estiagem.<\/p>\n<p style=\"text-align: justify;\"><span style=\"color: #666699;\"><strong>Secretaria de Estado da Comunica\u00e7\u00e3o Social \/ Governo de Sergipe<\/strong><\/span><\/p>\n","protected":false},"excerpt":{"rendered":"<p>O Governo do Estado continua trabalhando para diminuir os efeitos da seca no estado. Al\u00e9m do aumento superior a 40% na oferta de \u00e1gua e alimentos, a recupera\u00e7\u00e3o de cerca de 100 pequenas aguadas, distribu\u00eddas pelo interior, come\u00e7a a ampliar a capacidade de reserva h\u00eddrica dos pequenos produtores afetados. As a\u00e7\u00f5es emergenciais do Plano de [&hellip;]<\/p>\n","protected":false},"author":3,"featured_media":34979,"comment_status":"closed","ping_status":"closed","sticky":false,"template":"","format":"standard","meta":{"footnotes":""},"categories":[6],"tags":[],"class_list":{"0":"post-34976","1":"post","2":"type-post","3":"status-publish","4":"format-standard","5":"has-post-thumbnail","7":"category-politica"},"_links":{"self":[{"href":"https:\/\/senoticias.com.br\/se\/wp-json\/wp\/v2\/posts\/34976"}],"collection":[{"href":"https:\/\/senoticias.com.br\/se\/wp-json\/wp\/v2\/posts"}],"about":[{"href":"https:\/\/senoticias.com.br\/se\/wp-json\/wp\/v2\/types\/post"}],"author":[{"embeddable":true,"href":"https:\/\/senoticias.com.br\/se\/wp-json\/wp\/v2\/users\/3"}],"replies":[{"embeddable":true,"href":"https:\/\/senoticias.com.br\/se\/wp-json\/wp\/v2\/comments?post=34976"}],"version-history":[{"count":0,"href":"https:\/\/senoticias.com.br\/se\/wp-json\/wp\/v2\/posts\/34976\/revisions"}],"wp:featuredmedia":[{"embeddable":true,"href":"https:\/\/senoticias.com.br\/se\/wp-json\/wp\/v2\/media\/34979"}],"wp:attachment":[{"href":"https:\/\/senoticias.com.br\/se\/wp-json\/wp\/v2\/media?parent=34976"}],"wp:term":[{"taxonomy":"category","embeddable":true,"href":"https:\/\/senoticias.com.br\/se\/wp-json\/wp\/v2\/categories?post=34976"},{"taxonomy":"post_tag","embeddable":true,"href":"https:\/\/senoticias.com.br\/se\/wp-json\/wp\/v2\/tags?post=34976"}],"curies":[{"name":"wp","href":"https:\/\/api.w.org\/{rel}","templated":true}]}}