{"id":34969,"date":"2012-06-20T16:35:25","date_gmt":"2012-06-20T19:35:25","guid":{"rendered":"http:\/\/senoticias.com.br\/se\/?p=34969"},"modified":"2012-06-20T17:34:17","modified_gmt":"2012-06-20T20:34:17","slug":"policia-apresenta-trio-que-assaltou-ponto-banese-em-general-maynard","status":"publish","type":"post","link":"https:\/\/senoticias.com.br\/se\/policia-apresenta-trio-que-assaltou-ponto-banese-em-general-maynard\/","title":{"rendered":"Pol\u00edcia apresenta trio que assaltou Ponto Banese em General Maynard"},"content":{"rendered":"<div id=\"attachment_16305\" style=\"width: 310px\" class=\"wp-caption alignleft\"><a href=\"http:\/\/senoticias.com.br\/se\/wp-content\/uploads\/2011\/10\/andre_baronto_008.jpg\"><img loading=\"lazy\" decoding=\"async\" aria-describedby=\"caption-attachment-16305\" class=\"size-medium wp-image-16305\" title=\"andre_baronto_008\" src=\"http:\/\/senoticias.com.br\/se\/wp-content\/uploads\/2011\/10\/andre_baronto_008-300x225.jpg\" alt=\"\" width=\"300\" height=\"225\" srcset=\"https:\/\/senoticias.com.br\/se\/wp-content\/uploads\/2011\/10\/andre_baronto_008-300x225.jpg 300w, https:\/\/senoticias.com.br\/se\/wp-content\/uploads\/2011\/10\/andre_baronto_008-342x256.jpg 342w, https:\/\/senoticias.com.br\/se\/wp-content\/uploads\/2011\/10\/andre_baronto_008-60x45.jpg 60w, https:\/\/senoticias.com.br\/se\/wp-content\/uploads\/2011\/10\/andre_baronto_008-150x113.jpg 150w, https:\/\/senoticias.com.br\/se\/wp-content\/uploads\/2011\/10\/andre_baronto_008-269x201.jpg 269w, https:\/\/senoticias.com.br\/se\/wp-content\/uploads\/2011\/10\/andre_baronto_008.jpg 1000w\" sizes=\"(max-width: 300px) 100vw, 300px\" \/><\/a><p id=\"caption-attachment-16305\" class=\"wp-caption-text\">Andr\u00e9 Baronto, as imagens do circuito interno de seguran\u00e7a do Banese mostra dois adolescentes entrando na ag\u00eancia armados com rev\u00f3lveres calibre 38. (Reprodu\u00e7\u00e3o)<\/p><\/div>\n<p style=\"text-align: justify;\">Uma investiga\u00e7\u00e3o do Complexo de Opera\u00e7\u00f5es Policiais Especiais (Cope), da Coordenadoria das Delegacias do Interior (Copci), e das Delegacias de Carm\u00f3polis e General Maynard apreenderam dois menores de 17 anos e um homem apontados como autores do assalto ao Ponto Banese da cidade de General Maynard. O crime aconteceu por volta das 11h do \u00faltimo dia 30 de maio.<\/p>\n<p style=\"text-align: justify;\">Foi preso Sinval Rocha Santos J\u00fanior e encontra-se foragido Andrey Leisily Santos da Silva, ambos deram suporte para fuga dos menores, que executaram o assalto. De acordo com o delegado Andr\u00e9 Baronto, as imagens do circuito interno de seguran\u00e7a do Banese mostra dois adolescentes entrando na ag\u00eancia armados com rev\u00f3lveres calibre 38. \u201cPrimeiro eles tomam a arma do vigilante e depois rendem uma cliente e o gerente do posto e em seguida roubam R$ 6.300 e fogem\u201d, disse o delegado.<\/p>\n<p style=\"text-align: justify;\">Do lado de fora do posto, os menores infratores eram aguardados por Andrey que estava em uma motocicleta CG 150, de cor preta, que foi roubada dia 25 de maio, na cidade de Siriri, para ser utilizada no assalto. Os tr\u00eas subiram na motocicleta e foram at\u00e9 a sa\u00edda de General Maynard, onde Sinval em seu seu ve\u00edculo Parati os aguardavam. Todos entraram no carro e abandonaram a motocicleta CG 150 na estrada.<\/p>\n<p style=\"text-align: justify;\">\u201cOs quatro fugiram para uma Fazenda, no munic\u00edpio de Carm\u00f3polis, onde dividiram o dinheiro. Eles confessaram que cada um ficou com R$ 1.200, restando outros R$ 1.500, que ainda precisamos descobrir o paradeiro\u201d, explicou.<\/p>\n<p style=\"text-align: justify;\"><a href=\"http:\/\/senoticias.com.br\/se\/wp-content\/uploads\/2012\/06\/cope_001.jpg\"><img loading=\"lazy\" decoding=\"async\" class=\"alignleft size-medium wp-image-34977\" title=\"Assalto ao Ponto Banese\" src=\"http:\/\/senoticias.com.br\/se\/wp-content\/uploads\/2012\/06\/cope_001-300x162.jpg\" alt=\"\" width=\"300\" height=\"162\" srcset=\"https:\/\/senoticias.com.br\/se\/wp-content\/uploads\/2012\/06\/cope_001-300x162.jpg 300w, https:\/\/senoticias.com.br\/se\/wp-content\/uploads\/2012\/06\/cope_001-342x185.jpg 342w, https:\/\/senoticias.com.br\/se\/wp-content\/uploads\/2012\/06\/cope_001.jpg 600w\" sizes=\"(max-width: 300px) 100vw, 300px\" \/><\/a>A opera\u00e7\u00e3o apreendeu tamb\u00e9m duas armas de fogo, sendo uma na casa de um dos menores e outra na casa de Sinval. Tamb\u00e9m foi apreendida uma camisa que foi utilizada por um dos menores no assalto. \u201cO outro menor confessou que queimou a camisa que utilizou no assalto para evitar ser reconhecido\u201d, contou Baronto.<\/p>\n<p style=\"text-align: justify;\"><strong>Fato inusitado \u2013<\/strong> O crime foi praticado na manh\u00e3 do dia 30 de maio, mas no final da tarde, Sinval Rocha procurou a Delegacia de Carm\u00f3polis para informar que sua Parati havia sido roubada. No entanto, o policial que atendeu a ocorr\u00eancia achou estranho a atitude de Sinval e passou a fazer alguns questionamentos. Intimidado, ele acabou confessando a participa\u00e7\u00e3o no assalto e chegou a devolver R$ 400 aos policiais. Ele tamb\u00e9m entregou todos os comparsas. Sinval n\u00e3o foi preso no \u00faltimo dia 30 em virtude de n\u00e3o haver flagrante nem mandado de pris\u00e3o.<\/p>\n<p style=\"text-align: justify;\">Os adultos presos v\u00e3o responder pelo crime de roubo e os menores por ato infracional equiparado a roubo.<\/p>\n<p style=\"text-align: justify;\">SSP\/SE<\/p>\n","protected":false},"excerpt":{"rendered":"<p>Uma investiga\u00e7\u00e3o do Complexo de Opera\u00e7\u00f5es Policiais Especiais (Cope), da Coordenadoria das Delegacias do Interior (Copci), e das Delegacias de Carm\u00f3polis e General Maynard apreenderam dois menores de 17 anos e um homem apontados como autores do assalto ao Ponto Banese da cidade de General Maynard. O crime aconteceu por volta das 11h do \u00faltimo [&hellip;]<\/p>\n","protected":false},"author":3,"featured_media":34977,"comment_status":"closed","ping_status":"closed","sticky":false,"template":"","format":"standard","meta":{"footnotes":""},"categories":[7],"tags":[],"class_list":{"0":"post-34969","1":"post","2":"type-post","3":"status-publish","4":"format-standard","5":"has-post-thumbnail","7":"category-policia"},"_links":{"self":[{"href":"https:\/\/senoticias.com.br\/se\/wp-json\/wp\/v2\/posts\/34969"}],"collection":[{"href":"https:\/\/senoticias.com.br\/se\/wp-json\/wp\/v2\/posts"}],"about":[{"href":"https:\/\/senoticias.com.br\/se\/wp-json\/wp\/v2\/types\/post"}],"author":[{"embeddable":true,"href":"https:\/\/senoticias.com.br\/se\/wp-json\/wp\/v2\/users\/3"}],"replies":[{"embeddable":true,"href":"https:\/\/senoticias.com.br\/se\/wp-json\/wp\/v2\/comments?post=34969"}],"version-history":[{"count":0,"href":"https:\/\/senoticias.com.br\/se\/wp-json\/wp\/v2\/posts\/34969\/revisions"}],"wp:featuredmedia":[{"embeddable":true,"href":"https:\/\/senoticias.com.br\/se\/wp-json\/wp\/v2\/media\/34977"}],"wp:attachment":[{"href":"https:\/\/senoticias.com.br\/se\/wp-json\/wp\/v2\/media?parent=34969"}],"wp:term":[{"taxonomy":"category","embeddable":true,"href":"https:\/\/senoticias.com.br\/se\/wp-json\/wp\/v2\/categories?post=34969"},{"taxonomy":"post_tag","embeddable":true,"href":"https:\/\/senoticias.com.br\/se\/wp-json\/wp\/v2\/tags?post=34969"}],"curies":[{"name":"wp","href":"https:\/\/api.w.org\/{rel}","templated":true}]}}