{"id":34951,"date":"2012-06-20T15:57:16","date_gmt":"2012-06-20T18:57:16","guid":{"rendered":"http:\/\/senoticias.com.br\/se\/?p=34951"},"modified":"2013-05-18T13:00:09","modified_gmt":"2013-05-18T16:00:09","slug":"bispo-argentino-e-flagrado-com-mulher-em-praia-no-mexico-veja-video","status":"publish","type":"post","link":"https:\/\/senoticias.com.br\/se\/bispo-argentino-e-flagrado-com-mulher-em-praia-no-mexico-veja-video\/","title":{"rendered":"Bispo \u00e9 flagrado com mulher em praia; veja v\u00eddeo"},"content":{"rendered":"<p style=\"text-align: justify;\"><span style=\"color: #333333;\"><strong>Vaticano estuda se vai punir ou for\u00e7ar a ren\u00fancia de Fernando Mar\u00eda Bargall\u00f3<\/strong><\/span><\/p>\n<div id=\"attachment_34955\" style=\"width: 310px\" class=\"wp-caption alignleft\"><a href=\"http:\/\/senoticias.com.br\/se\/wp-content\/uploads\/2012\/06\/201206200224010000007093.jpg\"><img loading=\"lazy\" decoding=\"async\" aria-describedby=\"caption-attachment-34955\" class=\"size-medium wp-image-34955\" title=\"\" src=\"http:\/\/senoticias.com.br\/se\/wp-content\/uploads\/2012\/06\/201206200224010000007093-300x169.jpg\" alt=\"\" width=\"300\" height=\"169\" srcset=\"https:\/\/senoticias.com.br\/se\/wp-content\/uploads\/2012\/06\/201206200224010000007093-300x169.jpg 300w, https:\/\/senoticias.com.br\/se\/wp-content\/uploads\/2012\/06\/201206200224010000007093-342x193.jpg 342w, https:\/\/senoticias.com.br\/se\/wp-content\/uploads\/2012\/06\/201206200224010000007093.jpg 485w\" sizes=\"(max-width: 300px) 100vw, 300px\" \/><\/a><p id=\"caption-attachment-34955\" class=\"wp-caption-text\">Bargall\u00f3, de 59 anos, garante que a mulher \u00e9 apenas uma amiga de inf\u00e2ncia\/Reprodu\u00e7\u00e3o<\/p><\/div>\n<p style=\"text-align: justify;\">O Vaticano estuda nesta quarta-feira se vai punir ou for\u00e7ar ren\u00fancia de Fernando Mar\u00eda Bargall\u00f3, bispo da Diocese de Marlo-Moreno, em Buenos Aires, e presidente da C\u00e1ritas na Am\u00e9rica Latina e Caribe. Bargall\u00f3 foi fotografado abra\u00e7ado com uma mulher em um resort de luxo na costa mexicana. Os dois teriam um romance h\u00e1 meses.<\/p>\n<p style=\"text-align: justify;\">Bargall\u00f3, de 59 anos, garante que a mulher \u00e9 apenas uma amiga de inf\u00e2ncia. A Santa S\u00e9 j\u00e1 foi avisada das imagens do bispo. Segundo fontes eclesi\u00e1sticas citadas pela ag\u00eancia argentina Di\u00e1rios y Not\u00edcias, Bargall\u00f3 pode ser destitu\u00eddo do cargo imediatamente. Outras pessoas pr\u00f3ximas ao caso, no entanto, dizem que o bispo j\u00e1 tinha apresentado sua demiss\u00e3o antecipada \u201cpara evitar um esc\u00e2ndalo ainda maior\u201d.<\/p>\n<p style=\"text-align: justify;\">As imagens, que mostram o bispo junto com uma mulher na praia de Puerto Vallarta, no M\u00e9xico, teriam sido tiradas em janeiro do ano passado. A mulher nas fotos seria uma empres\u00e1ria do ramo da gastronomia, dona de restaurantes em Buenos Aires.<\/p>\n<p style=\"text-align: justify;\">A divulga\u00e7\u00e3o das imagens causou revolta entre membros da Igreja e pol\u00edticos, sobretudo porque Bargall\u00f3, que tamb\u00e9m chefia a C\u00e1ritas na Argentina, contestou v\u00e1rias vezes o governo de Buenos Aires por pol\u00edticas sociais e mais aten\u00e7\u00e3o aos setores mais pobres do pa\u00eds. Muitos se perguntam quem pagou o custo das f\u00e9rias em um resort de luxo. Al\u00e9m disso, a pol\u00eamica reacende a discuss\u00e3o sobre o celibato sacerdotal.<\/p>\n<p>http:\/\/youtu.be\/dAUW5rbCWZg<\/p>\n<p><a href=\"  http:\/\/oglobo.globo.com\/mundo\/bispo-argentino-flagrado-com-mulher-em-praia-no-mexico-5261125\" target=\"_blank\"><span style=\"color: #666699;\"><em><strong>O GLOBO ONLINE<\/strong><\/em><\/span><\/a><\/p>\n","protected":false},"excerpt":{"rendered":"<p>Vaticano estuda se vai punir ou for\u00e7ar a ren\u00fancia de Fernando Mar\u00eda Bargall\u00f3 O Vaticano estuda nesta quarta-feira se vai punir ou for\u00e7ar ren\u00fancia de Fernando Mar\u00eda Bargall\u00f3, bispo da Diocese de Marlo-Moreno, em Buenos Aires, e presidente da C\u00e1ritas na Am\u00e9rica Latina e Caribe. Bargall\u00f3 foi fotografado abra\u00e7ado com uma mulher em um resort [&hellip;]<\/p>\n","protected":false},"author":3,"featured_media":34955,"comment_status":"closed","ping_status":"closed","sticky":false,"template":"","format":"standard","meta":{"footnotes":""},"categories":[38,3],"tags":[],"class_list":{"0":"post-34951","1":"post","2":"type-post","3":"status-publish","4":"format-standard","5":"has-post-thumbnail","7":"category-municipios","8":"category-saocristovao"},"_links":{"self":[{"href":"https:\/\/senoticias.com.br\/se\/wp-json\/wp\/v2\/posts\/34951"}],"collection":[{"href":"https:\/\/senoticias.com.br\/se\/wp-json\/wp\/v2\/posts"}],"about":[{"href":"https:\/\/senoticias.com.br\/se\/wp-json\/wp\/v2\/types\/post"}],"author":[{"embeddable":true,"href":"https:\/\/senoticias.com.br\/se\/wp-json\/wp\/v2\/users\/3"}],"replies":[{"embeddable":true,"href":"https:\/\/senoticias.com.br\/se\/wp-json\/wp\/v2\/comments?post=34951"}],"version-history":[{"count":0,"href":"https:\/\/senoticias.com.br\/se\/wp-json\/wp\/v2\/posts\/34951\/revisions"}],"wp:featuredmedia":[{"embeddable":true,"href":"https:\/\/senoticias.com.br\/se\/wp-json\/wp\/v2\/media\/34955"}],"wp:attachment":[{"href":"https:\/\/senoticias.com.br\/se\/wp-json\/wp\/v2\/media?parent=34951"}],"wp:term":[{"taxonomy":"category","embeddable":true,"href":"https:\/\/senoticias.com.br\/se\/wp-json\/wp\/v2\/categories?post=34951"},{"taxonomy":"post_tag","embeddable":true,"href":"https:\/\/senoticias.com.br\/se\/wp-json\/wp\/v2\/tags?post=34951"}],"curies":[{"name":"wp","href":"https:\/\/api.w.org\/{rel}","templated":true}]}}