{"id":34946,"date":"2012-06-20T15:44:29","date_gmt":"2012-06-20T18:44:29","guid":{"rendered":"http:\/\/senoticias.com.br\/se\/?p=34946"},"modified":"2012-06-20T21:35:01","modified_gmt":"2012-06-21T00:35:01","slug":"erundina-diz-que-lula-passou-dos-limites-ao-tirar-foto-com-maluf","status":"publish","type":"post","link":"https:\/\/senoticias.com.br\/se\/erundina-diz-que-lula-passou-dos-limites-ao-tirar-foto-com-maluf\/","title":{"rendered":"Erundina diz que Lula passou dos limites ao tirar foto com Maluf"},"content":{"rendered":"<p><span style=\"color: #333333;\"><strong>Em conversa com jornalistas, a deputada Luiza Erundina (PSB-SP) disse nesta quarta-feira (20) que a alian\u00e7a entre PT e PP na disputa pela Prefeitura de S\u00e3o Paulo foi &#8220;um pre\u00e7o alto por uma coisa muito pequena&#8221;.<\/strong><\/span><\/p>\n<div id=\"attachment_34947\" style=\"width: 560px\" class=\"wp-caption aligncenter\"><a href=\"http:\/\/senoticias.com.br\/se\/wp-content\/uploads\/2012\/06\/12170264.jpeg\"><img loading=\"lazy\" decoding=\"async\" aria-describedby=\"caption-attachment-34947\" class=\"size-full wp-image-34947\" title=\"12170264\" src=\"http:\/\/senoticias.com.br\/se\/wp-content\/uploads\/2012\/06\/12170264.jpeg\" alt=\"\" width=\"550\" height=\"382\" srcset=\"https:\/\/senoticias.com.br\/se\/wp-content\/uploads\/2012\/06\/12170264.jpeg 550w, https:\/\/senoticias.com.br\/se\/wp-content\/uploads\/2012\/06\/12170264-300x208.jpg 300w, https:\/\/senoticias.com.br\/se\/wp-content\/uploads\/2012\/06\/12170264-342x237.jpg 342w\" sizes=\"(max-width: 550px) 100vw, 550px\" \/><\/a><p id=\"caption-attachment-34947\" class=\"wp-caption-text\">Maluf (\u00e0 dir.) com Haddad e Lula em sua casa em evento para selar alian\u00e7a com PT.(Rodrigo Coca - 18.jun.2012\/Fotoarena\/Folhapress)<\/p><\/div>\n<p>Questionada se o ex-presidente Luiz In\u00e1cio Lula da Silva passou dos limites ao tirar foto com o deputado Paulo Maluf (PP-SP), seu advers\u00e1rio pol\u00edtico, a deputada disse que sim.<\/p>\n<p>Erundina abandonou ontem a chapa do petista Fernando Haddad por conta de Maluf. A avalia\u00e7\u00e3o do PSB foi de que a alian\u00e7a poderia ter sido firmada de forma institucional e n\u00e3o expressa na figura do deputado.<\/p>\n<p>Ela afirmou que sabia das conversas entre PT e PP, mas que foi surpreendida com a presen\u00e7a de Lula na feijoada que selou a alian\u00e7a.<\/p>\n<p>&#8220;Aquele gesto foi ruim. O pre\u00e7o foi alto por uma coisa muito pequena. A m\u00eddia \u00e9 importante, mas n\u00e3o determina o processo eleitoral se n\u00e3o vier somado a outras condi\u00e7\u00f5es&#8221;, disse.<\/p>\n<p>A deputada disse que se n\u00e3o tivesse sido pega de surpresa poderia ter negociado de outra forma o apoio do PP.<\/p>\n<p>&#8220;Sabia que tava sendo discutida a alian\u00e7a com PP por conta do interesse do tempo de televis\u00e3o. Isso sim, mas n\u00e3o foi me dito que era coisa certa, definitiva. N\u00e3o teria deixado chegar ao ponto que chegou&#8221;, afirmou.<\/p>\n<p>Ela disse ainda que n\u00e3o ficou com m\u00e1goa do ex-presidente.<\/p>\n<p>Erundina diz acreditar que a presen\u00e7a de Maluf no palanque de Haddad trar\u00e1 preju\u00edzos ao petista.<\/p>\n<p>&#8220;Poder\u00e1 enfraquecer. Criou um clima de perplexidade. \u00c9 um desconforto. A milit\u00e2ncia petista \u00e9 feita de pessoas que t\u00eam exig\u00eancias. N\u00e3o s\u00e3o pessoas indiferentes ao que os dirigentes decidem&#8221;, disse.<\/p>\n<p>Ela prometeu fazer campanha para Haddad e o chamou de melhor candidato.<br \/>\n<span style=\"color: #666699;\"><em><strong>S\u00c9RGIO LIMA E M\u00c1RCIO FALC\u00c3O &#8211; UOL BRAS\u00cdLIA<\/strong><\/em><\/span><\/p>\n","protected":false},"excerpt":{"rendered":"<p>Em conversa com jornalistas, a deputada Luiza Erundina (PSB-SP) disse nesta quarta-feira (20) que a alian\u00e7a entre PT e PP na disputa pela Prefeitura de S\u00e3o Paulo foi &#8220;um pre\u00e7o alto por uma coisa muito pequena&#8221;. Questionada se o ex-presidente Luiz In\u00e1cio Lula da Silva passou dos limites ao tirar foto com o deputado Paulo [&hellip;]<\/p>\n","protected":false},"author":3,"featured_media":34947,"comment_status":"closed","ping_status":"closed","sticky":false,"template":"","format":"standard","meta":{"footnotes":""},"categories":[6],"tags":[],"class_list":{"0":"post-34946","1":"post","2":"type-post","3":"status-publish","4":"format-standard","5":"has-post-thumbnail","7":"category-politica"},"_links":{"self":[{"href":"https:\/\/senoticias.com.br\/se\/wp-json\/wp\/v2\/posts\/34946"}],"collection":[{"href":"https:\/\/senoticias.com.br\/se\/wp-json\/wp\/v2\/posts"}],"about":[{"href":"https:\/\/senoticias.com.br\/se\/wp-json\/wp\/v2\/types\/post"}],"author":[{"embeddable":true,"href":"https:\/\/senoticias.com.br\/se\/wp-json\/wp\/v2\/users\/3"}],"replies":[{"embeddable":true,"href":"https:\/\/senoticias.com.br\/se\/wp-json\/wp\/v2\/comments?post=34946"}],"version-history":[{"count":0,"href":"https:\/\/senoticias.com.br\/se\/wp-json\/wp\/v2\/posts\/34946\/revisions"}],"wp:featuredmedia":[{"embeddable":true,"href":"https:\/\/senoticias.com.br\/se\/wp-json\/wp\/v2\/media\/34947"}],"wp:attachment":[{"href":"https:\/\/senoticias.com.br\/se\/wp-json\/wp\/v2\/media?parent=34946"}],"wp:term":[{"taxonomy":"category","embeddable":true,"href":"https:\/\/senoticias.com.br\/se\/wp-json\/wp\/v2\/categories?post=34946"},{"taxonomy":"post_tag","embeddable":true,"href":"https:\/\/senoticias.com.br\/se\/wp-json\/wp\/v2\/tags?post=34946"}],"curies":[{"name":"wp","href":"https:\/\/api.w.org\/{rel}","templated":true}]}}