{"id":34937,"date":"2012-06-20T14:04:47","date_gmt":"2012-06-20T17:04:47","guid":{"rendered":"http:\/\/senoticias.com.br\/se\/?p=34937"},"modified":"2012-06-20T14:11:23","modified_gmt":"2012-06-20T17:11:23","slug":"parceria-beneficia-estudantes-da-rede-estadual-de-ensino","status":"publish","type":"post","link":"https:\/\/senoticias.com.br\/se\/parceria-beneficia-estudantes-da-rede-estadual-de-ensino\/","title":{"rendered":"Parceria Sebrae\/Seed beneficia estudantes da rede estadual de ensino"},"content":{"rendered":"<div id=\"attachment_34939\" style=\"width: 310px\" class=\"wp-caption alignleft\"><a href=\"http:\/\/senoticias.com.br\/se\/wp-content\/uploads\/2012\/06\/pastas.jpg\"><img loading=\"lazy\" decoding=\"async\" aria-describedby=\"caption-attachment-34939\" class=\"size-medium wp-image-34939\" title=\"SONY DSC\" src=\"http:\/\/senoticias.com.br\/se\/wp-content\/uploads\/2012\/06\/pastas-300x292.jpg\" alt=\"\" width=\"300\" height=\"292\" srcset=\"https:\/\/senoticias.com.br\/se\/wp-content\/uploads\/2012\/06\/pastas-300x292.jpg 300w, https:\/\/senoticias.com.br\/se\/wp-content\/uploads\/2012\/06\/pastas-50x50.jpg 50w, https:\/\/senoticias.com.br\/se\/wp-content\/uploads\/2012\/06\/pastas-342x333.jpg 342w, https:\/\/senoticias.com.br\/se\/wp-content\/uploads\/2012\/06\/pastas-55x55.jpg 55w, https:\/\/senoticias.com.br\/se\/wp-content\/uploads\/2012\/06\/pastas.jpg 630w\" sizes=\"(max-width: 300px) 100vw, 300px\" \/><\/a><p id=\"caption-attachment-34939\" class=\"wp-caption-text\">Superitendente Lauro Vasconcelos, e Maria Zelita Brito diretora do Departamento de Apoio ao Sistema Educacional da Seed. (Ascom\/Sebrae\/SE)<\/p><\/div>\n<p style=\"text-align: justify;\">Uma parceria entre o Sebrae Sergipe e a Secretaria de Estado da Educa\u00e7\u00e3o beneficiar\u00e1 os estudantes do Programa Pr\u00e9 Universit\u00e1rio com o recebimento de pastas para armazenar o kit escolar utilizado durante as aulas. A entrega do material foi feita pelo superintendente da entidade de apoio aos pequenos neg\u00f3cios, Lauro Vasconcelos, \u00e0 diretora do Departamento de Apoio ao Sistema Educacional da Seed, Maria Zelita Brito.<\/p>\n<p style=\"text-align: justify;\">Foram fornecidas 800 pastas, que ser\u00e3o distribu\u00eddas entre os alunos de diversas regi\u00f5es do estado.\u00a0 \u201cAo reafirmar a nossa parceria com o governo do Estado, buscamos contribuir para a forma\u00e7\u00e3o desses jovens e facilitar o seu acesso ao ensino superior. Esperamos que o material possa ajud\u00e1-los na conquista desse sonho\u201d, reafirmou Lauro.<\/p>\n<p style=\"text-align: justify;\">O Pr\u00e9 Universit\u00e1rio da Seed beneficia 6.125 estudantes egressos da rede p\u00fablica, distribu\u00eddos em 21 munic\u00edpios sergipanos. De acordo com a diretora do Departamento de Apoio, Maria Zelita, a doa\u00e7\u00e3o serve como mais um incentivo aos jovens.<\/p>\n<p style=\"text-align: justify;\">\u201cTodos os estudantes t\u00eam como meta ingressar no ensino superior. Queremos garantir as condi\u00e7\u00f5es necess\u00e1rias para que eles realizem esse sonho. Nossa meta agora \u00e9 viabilizar outras parcerias e conseguir estender a entrega dos materiais a todos os alunos matriculados no programa\u201d.<\/p>\n<p style=\"text-align: justify;\"><span style=\"color: #666699;\"><em><strong>Unidade de Comunica\u00e7\u00e3o e Marketing Sebrae\/SE<\/strong><\/em><\/span><\/p>\n","protected":false},"excerpt":{"rendered":"<p>Uma parceria entre o Sebrae Sergipe e a Secretaria de Estado da Educa\u00e7\u00e3o beneficiar\u00e1 os estudantes do Programa Pr\u00e9 Universit\u00e1rio com o recebimento de pastas para armazenar o kit escolar utilizado durante as aulas. A entrega do material foi feita pelo superintendente da entidade de apoio aos pequenos neg\u00f3cios, Lauro Vasconcelos, \u00e0 diretora do Departamento [&hellip;]<\/p>\n","protected":false},"author":3,"featured_media":34939,"comment_status":"closed","ping_status":"closed","sticky":false,"template":"","format":"standard","meta":{"footnotes":""},"categories":[38],"tags":[],"class_list":{"0":"post-34937","1":"post","2":"type-post","3":"status-publish","4":"format-standard","5":"has-post-thumbnail","7":"category-municipios"},"_links":{"self":[{"href":"https:\/\/senoticias.com.br\/se\/wp-json\/wp\/v2\/posts\/34937"}],"collection":[{"href":"https:\/\/senoticias.com.br\/se\/wp-json\/wp\/v2\/posts"}],"about":[{"href":"https:\/\/senoticias.com.br\/se\/wp-json\/wp\/v2\/types\/post"}],"author":[{"embeddable":true,"href":"https:\/\/senoticias.com.br\/se\/wp-json\/wp\/v2\/users\/3"}],"replies":[{"embeddable":true,"href":"https:\/\/senoticias.com.br\/se\/wp-json\/wp\/v2\/comments?post=34937"}],"version-history":[{"count":0,"href":"https:\/\/senoticias.com.br\/se\/wp-json\/wp\/v2\/posts\/34937\/revisions"}],"wp:featuredmedia":[{"embeddable":true,"href":"https:\/\/senoticias.com.br\/se\/wp-json\/wp\/v2\/media\/34939"}],"wp:attachment":[{"href":"https:\/\/senoticias.com.br\/se\/wp-json\/wp\/v2\/media?parent=34937"}],"wp:term":[{"taxonomy":"category","embeddable":true,"href":"https:\/\/senoticias.com.br\/se\/wp-json\/wp\/v2\/categories?post=34937"},{"taxonomy":"post_tag","embeddable":true,"href":"https:\/\/senoticias.com.br\/se\/wp-json\/wp\/v2\/tags?post=34937"}],"curies":[{"name":"wp","href":"https:\/\/api.w.org\/{rel}","templated":true}]}}