{"id":34931,"date":"2012-06-20T13:58:48","date_gmt":"2012-06-20T16:58:48","guid":{"rendered":"http:\/\/senoticias.com.br\/se\/?p=34931"},"modified":"2012-06-20T14:00:01","modified_gmt":"2012-06-20T17:00:01","slug":"motorista-e-detido-pela-prf-na-br-101","status":"publish","type":"post","link":"https:\/\/senoticias.com.br\/se\/motorista-e-detido-pela-prf-na-br-101\/","title":{"rendered":"Motorista \u00e9 detido pela PRF na BR 101."},"content":{"rendered":"<p><span style=\"color: #333333;\"><strong>Ele dirigia um ve\u00edculo adulterado, com documenta\u00e7\u00e3o restrita e ainda portava uma trouxa com coca\u00edna.<\/strong><\/span><\/p>\n<div id=\"attachment_34933\" style=\"width: 310px\" class=\"wp-caption alignleft\"><a href=\"http:\/\/senoticias.com.br\/se\/wp-content\/uploads\/2012\/06\/PRF-SE-Condutor-%C3%A9-detido-na-BR-101.-20jun12.jpg\"><img aria-describedby=\"caption-attachment-34933\" class=\"size-medium wp-image-34933\" title=\"<SAMSUNG DIGITAL CAMERA>&#8221; src=&#8221;http:\/\/senoticias.com.br\/se\/wp-content\/uploads\/2012\/06\/PRF-SE-Condutor-%C3%A9-detido-na-BR-101.-20jun12-300&#215;246.jpg&#8221; alt=&#8221;&#8221; width=&#8221;300&#8243; height=&#8221;246&#8243; \/><\/a><p id=\"caption-attachment-34933\" class=\"wp-caption-text\">Ele dirigia um ve\u00edculo adulterado, com documenta\u00e7\u00e3o restrita e ainda portava uma trouxa com coca\u00edna. (Foto\/PRF\/SE)<\/p><\/div>\n<p style=\"text-align: justify;\">Policiais Rodovi\u00e1rios Federais prenderam no final da manh\u00e3 de ontem (19), na altura Km 185 da BR 101, em Umba\u00faba (SE), um homem que conduzia um ve\u00edculo adulterado.<\/p>\n<p style=\"text-align: justify;\">Os agentes federais faziam o trabalho de ronda, quando solicitaram que um ve\u00edculo VW\/Gol, com placas de Sergipe, parasse para fiscaliza\u00e7\u00e3o.<\/p>\n<p style=\"text-align: justify;\">Durante a abordagem, os policiais descobriram que os elementos identificadores do ve\u00edculo foram adulterados.<\/p>\n<p style=\"text-align: justify;\">Al\u00e9m disso, ele utilizava uma placa \u201cfria\u201d. Ao solicitar que o condutor, de 23 anos, apresentasse sua documenta\u00e7\u00e3o pessoal e do autom\u00f3vel, os policiais tamb\u00e9m descobriram atrav\u00e9s de consulta ao banco de dados utilizado pela PRF que o Certificado de Registro e Licenciamento do Ve\u00edculo (CRLV) apresentado possu\u00eda registro de roubo no estado de Alagoas.<\/p>\n<p style=\"text-align: justify;\">Durante a revista pessoal ao condutor, os agentes federais descobriram que ele portava uma pequena trouxa com coca\u00edna. Ele foi detido e encaminhado \u00e0 Delegacia de Pol\u00edcia Civil do munic\u00edpio.<\/p>\n<p style=\"text-align: justify;\"><span style=\"color: #666699;\"><em><strong>N\u00facleo de Comunica\u00e7\u00e3o Social &#8211; Pol\u00edcia Rodovi\u00e1ria Federal \u2013 Sergipe<\/strong><\/em><\/span><\/p>\n","protected":false},"excerpt":{"rendered":"<p>Ele dirigia um ve\u00edculo adulterado, com documenta\u00e7\u00e3o restrita e ainda portava uma trouxa com coca\u00edna. Policiais Rodovi\u00e1rios Federais prenderam no final da manh\u00e3 de ontem (19), na altura Km 185 da BR 101, em Umba\u00faba (SE), um homem que conduzia um ve\u00edculo adulterado. Os agentes federais faziam o trabalho de ronda, quando solicitaram que um [&hellip;]<\/p>\n","protected":false},"author":3,"featured_media":34933,"comment_status":"closed","ping_status":"closed","sticky":false,"template":"","format":"standard","meta":{"footnotes":""},"categories":[7],"tags":[],"class_list":{"0":"post-34931","1":"post","2":"type-post","3":"status-publish","4":"format-standard","5":"has-post-thumbnail","7":"category-policia"},"_links":{"self":[{"href":"https:\/\/senoticias.com.br\/se\/wp-json\/wp\/v2\/posts\/34931"}],"collection":[{"href":"https:\/\/senoticias.com.br\/se\/wp-json\/wp\/v2\/posts"}],"about":[{"href":"https:\/\/senoticias.com.br\/se\/wp-json\/wp\/v2\/types\/post"}],"author":[{"embeddable":true,"href":"https:\/\/senoticias.com.br\/se\/wp-json\/wp\/v2\/users\/3"}],"replies":[{"embeddable":true,"href":"https:\/\/senoticias.com.br\/se\/wp-json\/wp\/v2\/comments?post=34931"}],"version-history":[{"count":0,"href":"https:\/\/senoticias.com.br\/se\/wp-json\/wp\/v2\/posts\/34931\/revisions"}],"wp:featuredmedia":[{"embeddable":true,"href":"https:\/\/senoticias.com.br\/se\/wp-json\/wp\/v2\/media\/34933"}],"wp:attachment":[{"href":"https:\/\/senoticias.com.br\/se\/wp-json\/wp\/v2\/media?parent=34931"}],"wp:term":[{"taxonomy":"category","embeddable":true,"href":"https:\/\/senoticias.com.br\/se\/wp-json\/wp\/v2\/categories?post=34931"},{"taxonomy":"post_tag","embeddable":true,"href":"https:\/\/senoticias.com.br\/se\/wp-json\/wp\/v2\/tags?post=34931"}],"curies":[{"name":"wp","href":"https:\/\/api.w.org\/{rel}","templated":true}]}}