{"id":34928,"date":"2012-06-20T13:48:55","date_gmt":"2012-06-20T16:48:55","guid":{"rendered":"http:\/\/senoticias.com.br\/se\/?p=34928"},"modified":"2012-06-20T13:51:06","modified_gmt":"2012-06-20T16:51:06","slug":"tecnicos-da-ufs-paralisam-o-setor-de-transporte-da-universidade-federal-de-sergipe","status":"publish","type":"post","link":"https:\/\/senoticias.com.br\/se\/tecnicos-da-ufs-paralisam-o-setor-de-transporte-da-universidade-federal-de-sergipe\/","title":{"rendered":"T\u00e9cnicos da UFS  paralisam o setor de transporte da UFS"},"content":{"rendered":"<div id=\"attachment_18427\" style=\"width: 160px\" class=\"wp-caption alignleft\"><a href=\"http:\/\/senoticias.com.br\/se\/wp-content\/uploads\/2011\/11\/UFS.jpg\"><img loading=\"lazy\" decoding=\"async\" aria-describedby=\"caption-attachment-18427\" class=\"size-thumbnail wp-image-18427\" title=\"UFS\" src=\"http:\/\/senoticias.com.br\/se\/wp-content\/uploads\/2011\/11\/UFS-150x150.jpg\" alt=\"\" width=\"150\" height=\"150\" srcset=\"https:\/\/senoticias.com.br\/se\/wp-content\/uploads\/2011\/11\/UFS-150x150.jpg 150w, https:\/\/senoticias.com.br\/se\/wp-content\/uploads\/2011\/11\/UFS-50x50.jpg 50w, https:\/\/senoticias.com.br\/se\/wp-content\/uploads\/2011\/11\/UFS-70x70.jpg 70w, https:\/\/senoticias.com.br\/se\/wp-content\/uploads\/2011\/11\/UFS-55x55.jpg 55w\" sizes=\"(max-width: 150px) 100vw, 150px\" \/><\/a><p id=\"caption-attachment-18427\" class=\"wp-caption-text\">Foto: Reprodu\u00e7\u00e3o internet<\/p><\/div>\n<p style=\"text-align: justify;\">Na manh\u00e3 desta quarta feira, dia 20 de junho, t\u00e9cnicos administrativos da Universidade Federal de Sergipe paralisaram as atividades do setor de transporte da Universidade Federal de Sergipe, ato que faz parte do calend\u00e1rio de lutas da greve dos servidores da UFS.<\/p>\n<p style=\"text-align: justify;\">No intuito de fortalecer a greve dos t\u00e9cnicos administrativos da UFS, deliberada no \u00faltimo dia 11 de junho, o Sindicato dos Trabalhadores T\u00e9cnico Administrativos da Universidade Tiradentes, o SINTUFS,\u00a0 junto com o Comando de Greve, deliberaram por ocupar o setor de transporte da Universidade Federal de Sergipe, impedindo qualquer sa\u00edda de ve\u00edculos.<\/p>\n<p style=\"text-align: justify;\">Um grupo ocupou o local, desde \u00e1s 6 horas da manh\u00e3, firmando barreiras de conten\u00e7\u00e3o em todo o estacionamento do setor,\u00a0 interditando todas as sa\u00eddas de carro.<\/p>\n<p style=\"text-align: justify;\">Para o t\u00e9cnico administrativo da UFS e representante do Comando de greve, Lucas Gama, esse \u00e9 um momento simb\u00f3lico que demonstra a radicaliza\u00e7\u00e3o da greve para que , atrav\u00e9s da press\u00e3o, possa acontecer a abertura de di\u00e1logo entre os servidores, a dire\u00e7\u00e3o da Universidade e o governo federal.<\/p>\n<p style=\"text-align: justify;\">\u201cA decis\u00e3o do comando de greve em ocupar o setor de transporte representa a radicaliza\u00e7\u00e3o desta greve. A nossa inten\u00e7\u00e3o \u00e9 sensibilizar o governo, parando setores estrat\u00e9gicos da universidade e n\u00f3s acreditamos que o departamento de transporte \u00e9 um setor vital para o funcionamento da universidade, a final de contas, ele \u00e9 respons\u00e1vel pelo transporte de bens e pessoas e mesmo durante a greve ele mant\u00e9m a universidade funcionando. Nosso objetivo \u00e9 chamar aten\u00e7\u00e3o do governo, mostrar que estamos paralisados e que \u00e9 necess\u00e1rio retomar o di\u00e1logo para a negocia\u00e7\u00e3o\u201d, defende Lucas Gama.<\/p>\n<p style=\"text-align: justify;\">O vice- presidente do Sintufs, Antonio Jos\u00e9, afirma que a inten\u00e7\u00e3o \u00e9 de sensibilizar os funcion\u00e1rios que ainda n\u00e3o aderiram a greve dos servidores, para as pautas que envolvem toda a categoria.<\/p>\n<p style=\"text-align: justify;\">\u201c Nosso objetivo \u00e9 sensibilizar os nossos companheiros do \u201cporqu\u00ea\u201d da nossa greve. E que eles venham a\u00a0 participar das nossas atividade.\u00a0 Precisamos parar todos os setores da universidade que ainda est\u00e3o funcionando. Estamos lutando para o fortalecimento desta paralisa\u00e7\u00e3o, a partir da conscientiza\u00e7\u00e3o dos servidores, \u201c afirma Antonio Jos\u00e9.<\/p>\n<p style=\"text-align: justify;\">Os t\u00e9cnicos administrativos continuaram ocupados no setor de transportes durante todo o dia. O departamento de transportes deliberou que a partir do dia 20 de junho, todo o seu funcionamento passar\u00e1 pelo crivo do Comando de Greve.<\/p>\n<p style=\"text-align: justify;\"><em><strong>Ag\u00eancia Voz<\/strong><\/em><\/p>\n","protected":false},"excerpt":{"rendered":"<p>Na manh\u00e3 desta quarta feira, dia 20 de junho, t\u00e9cnicos administrativos da Universidade Federal de Sergipe paralisaram as atividades do setor de transporte da Universidade Federal de Sergipe, ato que faz parte do calend\u00e1rio de lutas da greve dos servidores da UFS. No intuito de fortalecer a greve dos t\u00e9cnicos administrativos da UFS, deliberada no [&hellip;]<\/p>\n","protected":false},"author":3,"featured_media":18427,"comment_status":"closed","ping_status":"closed","sticky":false,"template":"","format":"standard","meta":{"footnotes":""},"categories":[38],"tags":[],"class_list":{"0":"post-34928","1":"post","2":"type-post","3":"status-publish","4":"format-standard","5":"has-post-thumbnail","7":"category-municipios"},"_links":{"self":[{"href":"https:\/\/senoticias.com.br\/se\/wp-json\/wp\/v2\/posts\/34928"}],"collection":[{"href":"https:\/\/senoticias.com.br\/se\/wp-json\/wp\/v2\/posts"}],"about":[{"href":"https:\/\/senoticias.com.br\/se\/wp-json\/wp\/v2\/types\/post"}],"author":[{"embeddable":true,"href":"https:\/\/senoticias.com.br\/se\/wp-json\/wp\/v2\/users\/3"}],"replies":[{"embeddable":true,"href":"https:\/\/senoticias.com.br\/se\/wp-json\/wp\/v2\/comments?post=34928"}],"version-history":[{"count":0,"href":"https:\/\/senoticias.com.br\/se\/wp-json\/wp\/v2\/posts\/34928\/revisions"}],"wp:featuredmedia":[{"embeddable":true,"href":"https:\/\/senoticias.com.br\/se\/wp-json\/wp\/v2\/media\/18427"}],"wp:attachment":[{"href":"https:\/\/senoticias.com.br\/se\/wp-json\/wp\/v2\/media?parent=34928"}],"wp:term":[{"taxonomy":"category","embeddable":true,"href":"https:\/\/senoticias.com.br\/se\/wp-json\/wp\/v2\/categories?post=34928"},{"taxonomy":"post_tag","embeddable":true,"href":"https:\/\/senoticias.com.br\/se\/wp-json\/wp\/v2\/tags?post=34928"}],"curies":[{"name":"wp","href":"https:\/\/api.w.org\/{rel}","templated":true}]}}