{"id":34921,"date":"2012-06-20T09:40:26","date_gmt":"2012-06-20T12:40:26","guid":{"rendered":"http:\/\/senoticias.com.br\/se\/?p=34921"},"modified":"2012-06-20T17:03:06","modified_gmt":"2012-06-20T20:03:06","slug":"tse-aprova-pedido-de-registro-do-partido-ecologico-nacional","status":"publish","type":"post","link":"https:\/\/senoticias.com.br\/se\/tse-aprova-pedido-de-registro-do-partido-ecologico-nacional\/","title":{"rendered":"TSE aprova pedido de registro do Partido Ecol\u00f3gico Nacional"},"content":{"rendered":"<p style=\"text-align: justify;\"><a href=\"http:\/\/senoticias.com.br\/se\/wp-content\/uploads\/2011\/08\/PEN-1.jpg\"><img loading=\"lazy\" decoding=\"async\" class=\"alignleft size-full wp-image-12203\" title=\"PEN (1)\" src=\"http:\/\/senoticias.com.br\/se\/wp-content\/uploads\/2011\/08\/PEN-1.jpg\" alt=\"\" width=\"232\" height=\"233\" srcset=\"https:\/\/senoticias.com.br\/se\/wp-content\/uploads\/2011\/08\/PEN-1.jpg 232w, https:\/\/senoticias.com.br\/se\/wp-content\/uploads\/2011\/08\/PEN-1-150x150.jpg 150w, https:\/\/senoticias.com.br\/se\/wp-content\/uploads\/2011\/08\/PEN-1-50x50.jpg 50w, https:\/\/senoticias.com.br\/se\/wp-content\/uploads\/2011\/08\/PEN-1-70x70.jpg 70w, https:\/\/senoticias.com.br\/se\/wp-content\/uploads\/2011\/08\/PEN-1-55x55.jpg 55w\" sizes=\"(max-width: 232px) 100vw, 232px\" \/><\/a>O Tribunal Superior Eleitoral (TSE) aprovou na noite desta ter\u00e7a-feira (19) o pedido de registro do Partido Ecol\u00f3gico Nacional (PEN). A decis\u00e3o foi tomada por 6 votos a 1, e seguiu entendimento da relatora do requerimento, ministra Nancy Andrighi. Somente o ministro Marco Aur\u00e9lio votou contra a concess\u00e3o do registro.<\/p>\n<p style=\"text-align: justify;\">A ministra Nancy Andrighi votou pela concess\u00e3o do pedido do novo partido no dia 22 de mar\u00e7o deste ano. Hoje, seguiram o entendimento da relatora os ministros Gilson Dipp, Arnaldo Versiani, Henrique Neves, Dias Toffoli e a presidente do TSE, ministra C\u00e1rmen L\u00facia Antunes Rocha.<br \/>\n\u201cEstou, na linha do entendimento desta Corte, sufragado no processo de registro do PSD, acompanhando a relatora para deferir o pedido de registro do PEN porque entendo que foram devidamente atendidos todos os requisitos exigidos pela Lei dos Partidos Pol\u00edticos\u201d, disse o ministro Gilson Dipp.<\/p>\n<p style=\"text-align: justify;\">Ao divergir na sess\u00e3o do dia 5 de junho, o ministro Marco Aur\u00e9lio afirmou que um partido que pretenda obter seu registro n\u00e3o pode \u201cqueimar etapas\u201d e deve respeitar as regras contidas na Resolu\u00e7\u00e3o do TSE n\u00ba 23.282\/2010.<\/p>\n<p style=\"text-align: justify;\">Com a decis\u00e3o desta noite, o PEN passa a ser o <strong>trig\u00e9simo partido<\/strong> existente no pa\u00eds.<\/p>\n","protected":false},"excerpt":{"rendered":"<p>O Tribunal Superior Eleitoral (TSE) aprovou na noite desta ter\u00e7a-feira (19) o pedido de registro do Partido Ecol\u00f3gico Nacional (PEN). A decis\u00e3o foi tomada por 6 votos a 1, e seguiu entendimento da relatora do requerimento, ministra Nancy Andrighi. Somente o ministro Marco Aur\u00e9lio votou contra a concess\u00e3o do registro. A ministra Nancy Andrighi votou [&hellip;]<\/p>\n","protected":false},"author":3,"featured_media":12203,"comment_status":"closed","ping_status":"closed","sticky":false,"template":"","format":"standard","meta":{"footnotes":""},"categories":[6],"tags":[],"class_list":{"0":"post-34921","1":"post","2":"type-post","3":"status-publish","4":"format-standard","5":"has-post-thumbnail","7":"category-politica"},"_links":{"self":[{"href":"https:\/\/senoticias.com.br\/se\/wp-json\/wp\/v2\/posts\/34921"}],"collection":[{"href":"https:\/\/senoticias.com.br\/se\/wp-json\/wp\/v2\/posts"}],"about":[{"href":"https:\/\/senoticias.com.br\/se\/wp-json\/wp\/v2\/types\/post"}],"author":[{"embeddable":true,"href":"https:\/\/senoticias.com.br\/se\/wp-json\/wp\/v2\/users\/3"}],"replies":[{"embeddable":true,"href":"https:\/\/senoticias.com.br\/se\/wp-json\/wp\/v2\/comments?post=34921"}],"version-history":[{"count":0,"href":"https:\/\/senoticias.com.br\/se\/wp-json\/wp\/v2\/posts\/34921\/revisions"}],"wp:featuredmedia":[{"embeddable":true,"href":"https:\/\/senoticias.com.br\/se\/wp-json\/wp\/v2\/media\/12203"}],"wp:attachment":[{"href":"https:\/\/senoticias.com.br\/se\/wp-json\/wp\/v2\/media?parent=34921"}],"wp:term":[{"taxonomy":"category","embeddable":true,"href":"https:\/\/senoticias.com.br\/se\/wp-json\/wp\/v2\/categories?post=34921"},{"taxonomy":"post_tag","embeddable":true,"href":"https:\/\/senoticias.com.br\/se\/wp-json\/wp\/v2\/tags?post=34921"}],"curies":[{"name":"wp","href":"https:\/\/api.w.org\/{rel}","templated":true}]}}