{"id":34907,"date":"2012-06-20T08:52:40","date_gmt":"2012-06-20T11:52:40","guid":{"rendered":"http:\/\/senoticias.com.br\/se\/?p=34907"},"modified":"2012-06-20T08:53:38","modified_gmt":"2012-06-20T11:53:38","slug":"nota-da-prefeitura-de-rosario-do-catete","status":"publish","type":"post","link":"https:\/\/senoticias.com.br\/se\/nota-da-prefeitura-de-rosario-do-catete\/","title":{"rendered":"Nota da Prefeitura de Ros\u00e1rio do Catete"},"content":{"rendered":"<p style=\"text-align: justify;\"><a href=\"http:\/\/senoticias.com.br\/se\/wp-content\/uploads\/2012\/06\/Nota-de-Esclarecimento.jpeg\"><img loading=\"lazy\" decoding=\"async\" class=\"alignleft size-full wp-image-34908\" title=\"Nota de Esclarecimento\" src=\"http:\/\/senoticias.com.br\/se\/wp-content\/uploads\/2012\/06\/Nota-de-Esclarecimento.jpeg\" alt=\"\" width=\"259\" height=\"194\" srcset=\"https:\/\/senoticias.com.br\/se\/wp-content\/uploads\/2012\/06\/Nota-de-Esclarecimento.jpeg 259w, https:\/\/senoticias.com.br\/se\/wp-content\/uploads\/2012\/06\/Nota-de-Esclarecimento-60x45.jpg 60w, https:\/\/senoticias.com.br\/se\/wp-content\/uploads\/2012\/06\/Nota-de-Esclarecimento-150x113.jpg 150w\" sizes=\"(max-width: 259px) 100vw, 259px\" \/><\/a>A Prefeitura Municipal de Ros\u00e1rio do Catete, por meio da Secretaria Municipal de Comunica\u00e7\u00e3o Social, vem a p\u00fablico esclarecer algumas den\u00fancias veiculadas na imprensa sergipana, de autoria do vereador do munic\u00edpio de Capela, Alexandro Nascimento. De forma irrespons\u00e1vel, leviana e caluniosa, o referido parlamentar acusou o conselheiro do Tribunal de Contas do Estado de Sergipe, Ulices Andrade, o prefeito de Ros\u00e1rio do Catete, Etelvino Barreto, e assessores jur\u00eddicos do munic\u00edpio \u201cde tramarem\u201d no gabinete do conselheiro o bloqueio do ICMS de Capela oriundo da explora\u00e7\u00e3o de pot\u00e1ssio pela empresa Vale. De acordo com o vereador, tal bloqueio teria por objetivo beneficiar Ros\u00e1rio do Catete, que disputa com Capela parte dos recursos na Justi\u00e7a, e assim pagar uma d\u00edvida de aproximadamente R$ 1 milh\u00e3o com a empresa Via Norte que, ainda segundo este parlamentar, seria de propriedade do conselheiro e administrada pelo seu filho, Vin\u00edcius Andrade.<\/p>\n<p style=\"text-align: justify;\">Tal acusa\u00e7\u00e3o \u00e9 eivada n\u00e3o s\u00f3 de inverdades, mas de in\u00fameras fragilidades e falta de provas. Em nenhum momento, Alexandre Nascimento apresentou qualquer comprova\u00e7\u00e3o de reuni\u00e3o ou trama dentro do gabinete com a presen\u00e7a do prefeito ou dos seus advogados. Al\u00e9m disso, o valor que foi bloqueado do ICMS de Capela n\u00e3o foi para a conta de Ros\u00e1rio, mas ficou em poder do Estado por recomenda\u00e7\u00e3o do Tribunal de Contas. Portanto, n\u00e3o poderia, em nenhum momento, servir para saldar d\u00edvidas com a empresa citada.<\/p>\n<p style=\"text-align: justify;\">O vereador Alexandro Nascimento tamb\u00e9m mentiu ao denunciar que a Prefeitura de Ros\u00e1rio paga mais de R$ 250 mil mensais pela coleta de lixo do munic\u00edpio. O contrato com a empresa Via Norte (vencedora do processo licitat\u00f3rio), cujo valor mensal \u00e9 de R$ 187 mil, \u00e9 respons\u00e1vel pelo servi\u00e7o completo de limpeza p\u00fablica, envolvendo n\u00e3o apenas a coleta de lixo, mas a varri\u00e7\u00e3o de vias urbanas pavimentadas e logradouros p\u00fablicos; coleta e transporte de res\u00edduos s\u00f3lidos domiciliares, comerciais, e varri\u00e7\u00e3o de feiras livres; capina\u00e7\u00e3o manual, raspagem de linha d\u2019\u00e1gua, e passeios de vias urbanas pavimentadas e pinturas de meio fio; capina\u00e7\u00e3o de vias n\u00e3o pavimentadas e servi\u00e7os correlatos; loca\u00e7\u00e3o de ca\u00e7amba basculante, lavagem de p\u00e1tios e feiras; coleta, transporte, tratamento e destina\u00e7\u00e3o final dos res\u00edduos dos servi\u00e7os de sa\u00fade, e por fim, coleta e transportes, tritura\u00e7\u00e3o e compostagem dos res\u00edduos de podas.<\/p>\n<p style=\"text-align: justify;\">Diante dos fatos e da verdade apresentada, est\u00e1 mais do que claro que a den\u00fancia do vereador tem por tr\u00e1s interesses pol\u00edticos e eleitoreiros, buscando t\u00e3o somente macular a imagem do prefeito Etelvino Barreto. A assessoria jur\u00eddica do gestor municipal j\u00e1 est\u00e1 tomando as devidas provid\u00eancias para estabelecer, na Justi\u00e7a, a integridade da honra e da moral do prefeito, que foi atacado covardemente por um vereador eleito pelo voto popular para defender as causas populares dos seus mun\u00edcipes, e n\u00e3o para servir a interesses escusos de lideran\u00e7as pol\u00edticas locais.<\/p>\n<p><span style=\"color: #333333;\"><strong>Secretaria Municipal de Comunica\u00e7\u00e3o<\/strong><\/span><br \/>\n<span style=\"color: #333333;\"><strong>Prefeitura de Ros\u00e1rio do Catete<\/strong><\/span><\/p>\n","protected":false},"excerpt":{"rendered":"<p>A Prefeitura Municipal de Ros\u00e1rio do Catete, por meio da Secretaria Municipal de Comunica\u00e7\u00e3o Social, vem a p\u00fablico esclarecer algumas den\u00fancias veiculadas na imprensa sergipana, de autoria do vereador do munic\u00edpio de Capela, Alexandro Nascimento. De forma irrespons\u00e1vel, leviana e caluniosa, o referido parlamentar acusou o conselheiro do Tribunal de Contas do Estado de Sergipe, [&hellip;]<\/p>\n","protected":false},"author":3,"featured_media":34908,"comment_status":"closed","ping_status":"closed","sticky":false,"template":"","format":"standard","meta":{"footnotes":""},"categories":[6],"tags":[],"class_list":{"0":"post-34907","1":"post","2":"type-post","3":"status-publish","4":"format-standard","5":"has-post-thumbnail","7":"category-politica"},"_links":{"self":[{"href":"https:\/\/senoticias.com.br\/se\/wp-json\/wp\/v2\/posts\/34907"}],"collection":[{"href":"https:\/\/senoticias.com.br\/se\/wp-json\/wp\/v2\/posts"}],"about":[{"href":"https:\/\/senoticias.com.br\/se\/wp-json\/wp\/v2\/types\/post"}],"author":[{"embeddable":true,"href":"https:\/\/senoticias.com.br\/se\/wp-json\/wp\/v2\/users\/3"}],"replies":[{"embeddable":true,"href":"https:\/\/senoticias.com.br\/se\/wp-json\/wp\/v2\/comments?post=34907"}],"version-history":[{"count":0,"href":"https:\/\/senoticias.com.br\/se\/wp-json\/wp\/v2\/posts\/34907\/revisions"}],"wp:featuredmedia":[{"embeddable":true,"href":"https:\/\/senoticias.com.br\/se\/wp-json\/wp\/v2\/media\/34908"}],"wp:attachment":[{"href":"https:\/\/senoticias.com.br\/se\/wp-json\/wp\/v2\/media?parent=34907"}],"wp:term":[{"taxonomy":"category","embeddable":true,"href":"https:\/\/senoticias.com.br\/se\/wp-json\/wp\/v2\/categories?post=34907"},{"taxonomy":"post_tag","embeddable":true,"href":"https:\/\/senoticias.com.br\/se\/wp-json\/wp\/v2\/tags?post=34907"}],"curies":[{"name":"wp","href":"https:\/\/api.w.org\/{rel}","templated":true}]}}