{"id":34898,"date":"2012-06-20T06:27:02","date_gmt":"2012-06-20T09:27:02","guid":{"rendered":"http:\/\/senoticias.com.br\/se\/?p=34898"},"modified":"2012-06-20T08:54:10","modified_gmt":"2012-06-20T11:54:10","slug":"veja-relacao-de-politicos-que-podem-ser-inelegiveis","status":"publish","type":"post","link":"https:\/\/senoticias.com.br\/se\/veja-relacao-de-politicos-que-podem-ser-inelegiveis\/","title":{"rendered":"Veja rela\u00e7\u00e3o de pol\u00edticos que podem ser ineleg\u00edveis"},"content":{"rendered":"<p style=\"text-align: justify;\"><a href=\"http:\/\/senoticias.com.br\/se\/wp-content\/uploads\/2012\/05\/Elei%C3%A7%C3%B5es-2012-Ilust.-21.jpg\"><img loading=\"lazy\" decoding=\"async\" class=\"alignleft size-medium wp-image-32984\" title=\"Elei\u00e7\u00f5es 2012 - Ilust. 2\" src=\"http:\/\/senoticias.com.br\/se\/wp-content\/uploads\/2012\/05\/Elei%C3%A7%C3%B5es-2012-Ilust.-21-300x184.jpg\" alt=\"\" width=\"300\" height=\"184\" \/><\/a>Em audi\u00eancia realizada nesta ter\u00e7a-feira (19), a presidente do Tribunal Superior Eleitoral (TSE), ministra C\u00e1rmen L\u00facia Antunes Rocha, recebeu do presidente do Tribunal de Contas da Uni\u00e3o (TCU), Benjamin Zymler, a rela\u00e7\u00e3o de gestores p\u00fablicos, ocupantes de cargos ou fun\u00e7\u00f5es, que tiveram suas contas rejeitadas pelo TCU por irregularidades durante o exerc\u00edcio na administra\u00e7\u00e3o p\u00fablica. A audi\u00eancia ocorreu no Gabinete da Presid\u00eancia do TSE.<\/p>\n<p style=\"text-align: justify;\">A ministra informou que caber\u00e1 \u00e0 Justi\u00e7a Eleitoral julgar se as irregularidades verificadas pelo TCU sujeitam seus autores a inelegibilidade. Isso ocorrer\u00e1, lembrou a ministra, nos julgamentos de eventuais processos em andamento na Justi\u00e7a Eleitoral relativos a esses casos. Ela disse que a rela\u00e7\u00e3o do TCU ser\u00e1 encaminhada prontamente aos Tribunais Regionais Eleitorais (TREs). Dos TREs, a listagem dever\u00e1 ser enviada ao conhecimento dos ju\u00edzes eleitorais.<\/p>\n<p style=\"text-align: justify;\"><strong>Rela\u00e7\u00e3o de respons\u00e1veis com contas julgadas irregulares &#8211; TCU:<\/strong><\/p>\n<p><strong>Em ordem alfab\u00e9tica<\/strong><\/p>\n<p><a href=\"  http:\/\/www.tse.jus.br\/internet\/tcu\/ResponsaveisContasJulgadasIrregularesEleicoes2012_Alfabetico.pdf\" target=\"_blank\"><strong>Contas irregulares &#8211; TCU, 2012 &#8211; ordenada alfabeticamente (formato PDF)<\/strong><\/a><br \/>\n<a href=\"  http:\/\/www.tse.jus.br\/eleicoes\/eleicoes-2012\/contas-irregulares-tcu\" target=\"_blank\"><strong>\u00a0 Contas irregulares &#8211; TCU, 2012 &#8211; ordenada alfabeticamente (formato XLSX)<\/strong><\/a><br \/>\n<a href=\"  http:\/\/www.tse.jus.br\/eleicoes\/eleicoes-2012\/contas-irregulares-tcu\" target=\"_blank\"><strong> Contas irregulares &#8211; TCU, 2012 &#8211; ordenada alfabeticamente (formato CSV)<\/strong><\/a><\/p>\n<p>Agrupada por unidade federativa:<\/p>\n<p><a href=\" http:\/\/www.tse.jus.br\/internet\/tcu\/ResponsaveisContasJulgadasIrregularesEleicoes2012_UF.pdf\" target=\"_blank\"><strong>Contas irregulares &#8211; TCU, 2012 &#8211; agrupada por UF (formato PDF)<\/strong><\/a><br \/>\n<a href=\"  http:\/\/www.tse.jus.br\/eleicoes\/eleicoes-2012\/contas-irregulares-tcu\" target=\"_blank\"><strong>Contas irregulares &#8211; TCU, 2012 &#8211; agrupada por UF (formato XLSX)<\/strong><\/a><br \/>\n<a href=\"  http:\/\/www.tse.jus.br\/eleicoes\/eleicoes-2012\/contas-irregulares-tcu\" target=\"_blank\"><strong>Contas irregulares &#8211; TCU, 2012 &#8211; agrupada por UF (formato CSV)<\/strong><\/a><\/p>\n<p><strong>Determina\u00e7\u00e3o legal<\/strong><\/p>\n<p style=\"text-align: justify;\">De acordo com a Lei das Elei\u00e7\u00f5es (Lei n\u00ba 9.504\/1997 \u2013 artigo 10, par\u00e1grafo 5\u00ba), cabe ao TCU apresentar \u00e0 Justi\u00e7a Eleitoral, at\u00e9 o dia 5 de julho do ano em que se realizarem as elei\u00e7\u00f5es, a rela\u00e7\u00e3o dos respons\u00e1veis que tiveram suas contas relativas ao exerc\u00edcio de cargos ou fun\u00e7\u00f5es p\u00fablicas rejeitadas por irregularidade insan\u00e1vel e por decis\u00e3o irrecorr\u00edvel do \u00f3rg\u00e3o competente. As elei\u00e7\u00f5es municipais ser\u00e3o realizadas em 7 de outubro deste ano.<\/p>\n<p style=\"text-align: justify;\">Segundo a Lei de Inelegibilidades (Lei Complementar n\u00ba 64\/1990), s\u00e3o ineleg\u00edveis os que tiverem as contas rejeitadas por irregularidade insan\u00e1vel e que configure ato doloso de improbidade administrativa, e por decis\u00e3o irrecorr\u00edvel do \u00f3rg\u00e3o competente. Essas pessoas n\u00e3o podem se candidatar a cargo eletivo nas elei\u00e7\u00f5es que se realizarem nos oito anos seguintes, contados a partir da data da decis\u00e3o. O interessado pode concorrer apenas se essa decis\u00e3o tiver sido suspensa ou anulada pelo Poder Judici\u00e1rio.<\/p>\n<p style=\"text-align: justify;\"><strong>Impugna\u00e7\u00f5es<\/strong><\/p>\n<p style=\"text-align: justify;\">Os pr\u00f3prios candidatos, partidos pol\u00edticos ou coliga\u00e7\u00f5es podem utilizar as informa\u00e7\u00f5es contidas na lista do TCU para impugnar o pedido de registro de candidatura de poss\u00edveis concorrentes no prazo de cinco dias, contados da publica\u00e7\u00e3o do edital do pedido de registro. A impugna\u00e7\u00e3o deve ser feita com base em peti\u00e7\u00e3o fundamentada.<\/p>\n<p style=\"text-align: justify;\">O Minist\u00e9rio P\u00fablico tamb\u00e9m pode impugnar pedidos de registro de candidatura. A decis\u00e3o sobre cada caso ficar\u00e1 a crit\u00e9rio do juiz eleitoral da circunscri\u00e7\u00e3o.<\/p>\n<p style=\"text-align: justify;\"><em><strong>SE Not\u00edcias com informa\u00e7\u00f5es do TSE<\/strong><\/em><\/p>\n","protected":false},"excerpt":{"rendered":"<p>Em audi\u00eancia realizada nesta ter\u00e7a-feira (19), a presidente do Tribunal Superior Eleitoral (TSE), ministra C\u00e1rmen L\u00facia Antunes Rocha, recebeu do presidente do Tribunal de Contas da Uni\u00e3o (TCU), Benjamin Zymler, a rela\u00e7\u00e3o de gestores p\u00fablicos, ocupantes de cargos ou fun\u00e7\u00f5es, que tiveram suas contas rejeitadas pelo TCU por irregularidades durante o exerc\u00edcio na administra\u00e7\u00e3o p\u00fablica. [&hellip;]<\/p>\n","protected":false},"author":3,"featured_media":32984,"comment_status":"closed","ping_status":"closed","sticky":false,"template":"","format":"standard","meta":{"footnotes":""},"categories":[15,6],"tags":[],"class_list":{"0":"post-34898","1":"post","2":"type-post","3":"status-publish","4":"format-standard","5":"has-post-thumbnail","7":"category-destaques","8":"category-politica"},"_links":{"self":[{"href":"https:\/\/senoticias.com.br\/se\/wp-json\/wp\/v2\/posts\/34898"}],"collection":[{"href":"https:\/\/senoticias.com.br\/se\/wp-json\/wp\/v2\/posts"}],"about":[{"href":"https:\/\/senoticias.com.br\/se\/wp-json\/wp\/v2\/types\/post"}],"author":[{"embeddable":true,"href":"https:\/\/senoticias.com.br\/se\/wp-json\/wp\/v2\/users\/3"}],"replies":[{"embeddable":true,"href":"https:\/\/senoticias.com.br\/se\/wp-json\/wp\/v2\/comments?post=34898"}],"version-history":[{"count":0,"href":"https:\/\/senoticias.com.br\/se\/wp-json\/wp\/v2\/posts\/34898\/revisions"}],"wp:featuredmedia":[{"embeddable":true,"href":"https:\/\/senoticias.com.br\/se\/wp-json\/wp\/v2\/media\/32984"}],"wp:attachment":[{"href":"https:\/\/senoticias.com.br\/se\/wp-json\/wp\/v2\/media?parent=34898"}],"wp:term":[{"taxonomy":"category","embeddable":true,"href":"https:\/\/senoticias.com.br\/se\/wp-json\/wp\/v2\/categories?post=34898"},{"taxonomy":"post_tag","embeddable":true,"href":"https:\/\/senoticias.com.br\/se\/wp-json\/wp\/v2\/tags?post=34898"}],"curies":[{"name":"wp","href":"https:\/\/api.w.org\/{rel}","templated":true}]}}