{"id":34888,"date":"2012-06-19T22:32:57","date_gmt":"2012-06-20T01:32:57","guid":{"rendered":"http:\/\/senoticias.com.br\/se\/?p=34888"},"modified":"2012-06-20T16:35:26","modified_gmt":"2012-06-20T19:35:26","slug":"especialistas-debatem-lei-das-motonetas-em-aracaju","status":"publish","type":"post","link":"https:\/\/senoticias.com.br\/se\/especialistas-debatem-lei-das-motonetas-em-aracaju\/","title":{"rendered":"Especialistas debatem lei das motonetas em Aracaju"},"content":{"rendered":"<p><span style=\"color: #333333;\"><strong>SEM CENSURA, LEI DAS MOTONETAS EM ARACAJU \u00c9 TEMA DE DEBATE<\/strong><\/span><\/p>\n<div id=\"attachment_34889\" style=\"width: 310px\" class=\"wp-caption alignleft\"><a href=\"http:\/\/senoticias.com.br\/se\/wp-content\/uploads\/2012\/06\/foto-SEM-CENSURA.jpg\"><img loading=\"lazy\" decoding=\"async\" aria-describedby=\"caption-attachment-34889\" class=\"size-medium wp-image-34889\" title=\"foto SEM CENSURA\" src=\"http:\/\/senoticias.com.br\/se\/wp-content\/uploads\/2012\/06\/foto-SEM-CENSURA-300x225.jpg\" alt=\"\" width=\"300\" height=\"225\" srcset=\"https:\/\/senoticias.com.br\/se\/wp-content\/uploads\/2012\/06\/foto-SEM-CENSURA-300x225.jpg 300w, https:\/\/senoticias.com.br\/se\/wp-content\/uploads\/2012\/06\/foto-SEM-CENSURA-60x45.jpg 60w, https:\/\/senoticias.com.br\/se\/wp-content\/uploads\/2012\/06\/foto-SEM-CENSURA-150x113.jpg 150w, https:\/\/senoticias.com.br\/se\/wp-content\/uploads\/2012\/06\/foto-SEM-CENSURA-269x201.jpg 269w, https:\/\/senoticias.com.br\/se\/wp-content\/uploads\/2012\/06\/foto-SEM-CENSURA.jpg 320w\" sizes=\"(max-width: 300px) 100vw, 300px\" \/><\/a><p id=\"caption-attachment-34889\" class=\"wp-caption-text\">Liberdade Sem Censura, da Liberdade FM, apresentado por Evenilson Santana, os entrevistados foram: Major Paiva, diretor de tr\u00e2nsito da SMTT, Ricardo Ribeiro, Coordenador Renach\/Renavam(Detran) e o Vereador Jonny. (Reprodu\u00e7\u00e3o)<\/p><\/div>\n<p style=\"text-align: justify;\">No debate desta ter\u00e7a-feira,19, no Programa Liberdade Sem Censura, da Liberdade FM, apresentado por Evenilson Santana, os entrevistados foram: Major Paiva, diretor de tr\u00e2nsito da SMTT, Ricardo Ribeiro, Coordenador Renach\/Renavam(Detran) e o Vereador Jonny. O tema escolhido foi a &#8220;lei das motonetas&#8221;, sancionada no dia 8 deste m\u00eas, pelo Prefeito de Aracaju Edvaldo Nogueira.<\/p>\n<p style=\"text-align: justify;\">Apesar da aprova\u00e7\u00e3o da lei, a regulamenta\u00e7\u00e3o desse tipo de transporte, na cidade, tem at\u00e9 o dia 8 de outubro deste ano para ser efetivada. Momento em que a Prefeitura, atrav\u00e9s de decreto, apresentar\u00e1 detalhes a respeito da quest\u00e3o. Um dos pontos mais discutidos desde o come\u00e7o \u00e9 o valor da taxa para licenciamento dos ciclomotores, que, inclusive, consta entre os \u00edtens da regulamenta\u00e7\u00e3o.<\/p>\n<p style=\"text-align: justify;\">Por enquanto n\u00e3o h\u00e1 um valor definido. De acordo com o Major Paiva, a Prefeitura estuda uma taxa popular, mas, tamb\u00e9m n\u00e3o adiantou valores. Disse ainda que a proposta inicial \u00e9 usar a estrutura do DETRAN para providenciar o licenciamento das motonetas.<\/p>\n<p style=\"text-align: justify;\">J\u00e1 Ricardo Ribeiro afirmou que o \u00f3rg\u00e3o est\u00e1 a disposi\u00e7\u00e3o e que \u00e9 poss\u00edvel formatar um conv\u00eanio com este objetivo, por\u00e9m, salientou que para mudar os valores das taxas, n\u00e3o depende apenas do DETRAN.\u00a0 Ele adiantou que a \u00fanica dispensa, j\u00e1 prevista pelo Denatran, referente a ciclomotores \u00e9 a do IPVA.<\/p>\n<p style=\"text-align: justify;\">Em resumo, o condutor deve pagar pelo primeiro documento, somando o seguro DPVAT, pouco mais de seiscentos reais. Sem falar na habilita\u00e7\u00e3o, que \u00e9 a mesma para motocicletas, que gira em torno de oitocentos reais. O vereador Jonny argumentou que a proposta da lei, de autoria dele, \u00e9 reduzir ao m\u00e1ximo o custo do licenciamento. Mas, da forma como a lei foi aprovada, &#8220;essa quest\u00e3o ficou nas m\u00e3os do Prefeito&#8221;, disse o parlamentar.<\/p>\n<p><a href=\" http:\/\/evenilsonsantana.blogspot.com.br\/2012\/06\/liberdade-sem-censure-debate-lei-das.html\" target=\"_blank\"><span style=\"color: #666699;\"><em><strong>Por Evenilson Santana \/Blog Evenilson Santana<\/strong><\/em><\/span><\/a><\/p>\n","protected":false},"excerpt":{"rendered":"<p>SEM CENSURA, LEI DAS MOTONETAS EM ARACAJU \u00c9 TEMA DE DEBATE No debate desta ter\u00e7a-feira,19, no Programa Liberdade Sem Censura, da Liberdade FM, apresentado por Evenilson Santana, os entrevistados foram: Major Paiva, diretor de tr\u00e2nsito da SMTT, Ricardo Ribeiro, Coordenador Renach\/Renavam(Detran) e o Vereador Jonny. O tema escolhido foi a &#8220;lei das motonetas&#8221;, sancionada no [&hellip;]<\/p>\n","protected":false},"author":3,"featured_media":34889,"comment_status":"closed","ping_status":"closed","sticky":false,"template":"","format":"standard","meta":{"footnotes":""},"categories":[38],"tags":[],"class_list":{"0":"post-34888","1":"post","2":"type-post","3":"status-publish","4":"format-standard","5":"has-post-thumbnail","7":"category-municipios"},"_links":{"self":[{"href":"https:\/\/senoticias.com.br\/se\/wp-json\/wp\/v2\/posts\/34888"}],"collection":[{"href":"https:\/\/senoticias.com.br\/se\/wp-json\/wp\/v2\/posts"}],"about":[{"href":"https:\/\/senoticias.com.br\/se\/wp-json\/wp\/v2\/types\/post"}],"author":[{"embeddable":true,"href":"https:\/\/senoticias.com.br\/se\/wp-json\/wp\/v2\/users\/3"}],"replies":[{"embeddable":true,"href":"https:\/\/senoticias.com.br\/se\/wp-json\/wp\/v2\/comments?post=34888"}],"version-history":[{"count":0,"href":"https:\/\/senoticias.com.br\/se\/wp-json\/wp\/v2\/posts\/34888\/revisions"}],"wp:featuredmedia":[{"embeddable":true,"href":"https:\/\/senoticias.com.br\/se\/wp-json\/wp\/v2\/media\/34889"}],"wp:attachment":[{"href":"https:\/\/senoticias.com.br\/se\/wp-json\/wp\/v2\/media?parent=34888"}],"wp:term":[{"taxonomy":"category","embeddable":true,"href":"https:\/\/senoticias.com.br\/se\/wp-json\/wp\/v2\/categories?post=34888"},{"taxonomy":"post_tag","embeddable":true,"href":"https:\/\/senoticias.com.br\/se\/wp-json\/wp\/v2\/tags?post=34888"}],"curies":[{"name":"wp","href":"https:\/\/api.w.org\/{rel}","templated":true}]}}