{"id":34881,"date":"2012-06-19T18:06:26","date_gmt":"2012-06-19T21:06:26","guid":{"rendered":"http:\/\/senoticias.com.br\/se\/?p=34881"},"modified":"2012-06-19T19:36:38","modified_gmt":"2012-06-19T22:36:38","slug":"prefeitura-de-capela-vence-rosario-do-catete-no-stj","status":"publish","type":"post","link":"https:\/\/senoticias.com.br\/se\/prefeitura-de-capela-vence-rosario-do-catete-no-stj\/","title":{"rendered":"Capela vence Ros\u00e1rio do Catete no STJ"},"content":{"rendered":"<p style=\"text-align: justify;\"><a href=\"http:\/\/senoticias.com.br\/se\/wp-content\/uploads\/2011\/05\/STJ.jpg\"><img loading=\"lazy\" decoding=\"async\" class=\"alignleft size-thumbnail wp-image-5931\" title=\"STJ\" src=\"http:\/\/senoticias.com.br\/se\/wp-content\/uploads\/2011\/05\/STJ-150x150.jpg\" alt=\"\" width=\"150\" height=\"150\" srcset=\"https:\/\/senoticias.com.br\/se\/wp-content\/uploads\/2011\/05\/STJ-150x150.jpg 150w, https:\/\/senoticias.com.br\/se\/wp-content\/uploads\/2011\/05\/STJ-50x50.jpg 50w, https:\/\/senoticias.com.br\/se\/wp-content\/uploads\/2011\/05\/STJ-70x70.jpg 70w, https:\/\/senoticias.com.br\/se\/wp-content\/uploads\/2011\/05\/STJ-55x55.jpg 55w\" sizes=\"(max-width: 150px) 100vw, 150px\" \/><\/a>O Colegiado da 2\u00aa turma do Superior Tribunal de Justi\u00e7a (STJ) julgou procedente, agora h\u00e1 pouco, os embargos de declara\u00e7\u00e3o movidos pelo munic\u00edpio de Capela contra a decis\u00e3o do pr\u00f3prio STJ, do \u00faltimo dia 15 de mar\u00e7o, que ocasionou um imbr\u00f3glio jur\u00eddico entre o ICMS adicional da empresa Vale repassado para Capela e Ros\u00e1rio do Catete, referente \u00e0 extra\u00e7\u00e3o de pot\u00e1ssio na regi\u00e3o. O julgamento foi acompanhado pelo prefeito de Capela, Manoel Messias Sukita Santos (PSB).<\/p>\n<p style=\"text-align: justify;\">\u201cA senten\u00e7a da 2\u00aa Turma esclareceu de forma cristalina que a decis\u00e3o favor\u00e1vel a Ros\u00e1rio se limitava apenas ao ato deliberativo do Tribunal de Contas do ano de 2008\u201d, explica Sukita. Esse ato do TCE \u00e9 respons\u00e1vel por estabelecer as cotas anuais do ICMS para cada um dos 75 munic\u00edpios, sendo que com rela\u00e7\u00e3o ao ICMS adicional da Vale, o TCE cumpriu uma decis\u00e3o un\u00e2nime do Tribunal de Justi\u00e7a que, seguindo a Constitui\u00e7\u00e3o Federal, considera que o valor do imposto da extra\u00e7\u00e3o<br \/>\ndeve ser repassado para o munic\u00edpio onde se localiza o min\u00e9rio, e n\u00e3o para a sede da cidade respons\u00e1vel pela comercializa\u00e7\u00e3o.<\/p>\n<p style=\"text-align: justify;\">Mesmo a senten\u00e7a do m\u00eas de mar\u00e7o referindo-se somente ao Ato Deliberativo de 2008 do TCE, o pr\u00f3prio Tribunal de Contas encaminhou um of\u00edcio \u00e0 Secretaria de Estado da Fazenda (Sefaz) recomendou o bloqueio do ICMS adicional de Capela, cujo valor encontra-se depositado na conta do Estado h\u00e1 19 dias.<\/p>\n<p style=\"text-align: justify;\">\u201cComo o Ato Deliberativo de 2008 j\u00e1 se exauriu, tendo sido substitu\u00eddo pelo de 2009, e consequentemente pelos de 2010, 2011 e 2012, fica Ros\u00e1rio com a expectativa de direito de, ao final do processo no Superior Tribunal Federal, entrar com uma a\u00e7\u00e3o de cobran\u00e7a contra o estado de Sergipe, uma vez que o Ato Deliberativo de 2008, quando o TCE procedeu a reparti\u00e7\u00e3o, foi cumprindo uma decis\u00e3o un\u00e2nime do Tribunal de Justi\u00e7a de Sergipe, e n\u00e3o por conta pr\u00f3pria, como Ros\u00e1rio alegou em sua a\u00e7\u00e3o no STJ\u201d, detalhou o prefeito de Capela.<\/p>\n<p style=\"text-align: justify;\">Com a decis\u00e3o de hoje, o ICMS adicional de Capela, que estava sendo pleiteado por Ros\u00e1rio, ser\u00e1 desbloqueado automaticamente. \u201cGra\u00e7as a Deus os ministros compreenderam a situa\u00e7\u00e3o de Capela e fizeram justi\u00e7a. Devido a uma decis\u00e3o equivocada do Tribunal de Contas, o recurso de Capela se encontra bloqueado desde o dia 31 de maio. Com esse esclarecimento de hoje nos embargos de declara\u00e7\u00e3o, nosso munic\u00edpio volta \u00e0 normalidade. Passamos por dias dif\u00edceis e angustiantes, principalmente junto a nossos servidores e fornecedores.<\/p>\n<p style=\"text-align: justify;\">Aos poucos conseguiremos normalizar toda essa situa\u00e7\u00e3o\u201d, garante o prefeito.<\/p>\n<p style=\"text-align: justify;\"><em><strong>T. Dantas Comunica\u00e7\u00e3o, Consultoria e Marketing<\/strong><\/em><\/p>\n","protected":false},"excerpt":{"rendered":"<p>O Colegiado da 2\u00aa turma do Superior Tribunal de Justi\u00e7a (STJ) julgou procedente, agora h\u00e1 pouco, os embargos de declara\u00e7\u00e3o movidos pelo munic\u00edpio de Capela contra a decis\u00e3o do pr\u00f3prio STJ, do \u00faltimo dia 15 de mar\u00e7o, que ocasionou um imbr\u00f3glio jur\u00eddico entre o ICMS adicional da empresa Vale repassado para Capela e Ros\u00e1rio do [&hellip;]<\/p>\n","protected":false},"author":3,"featured_media":5931,"comment_status":"closed","ping_status":"closed","sticky":false,"template":"","format":"standard","meta":{"footnotes":""},"categories":[38],"tags":[],"class_list":{"0":"post-34881","1":"post","2":"type-post","3":"status-publish","4":"format-standard","5":"has-post-thumbnail","7":"category-municipios"},"_links":{"self":[{"href":"https:\/\/senoticias.com.br\/se\/wp-json\/wp\/v2\/posts\/34881"}],"collection":[{"href":"https:\/\/senoticias.com.br\/se\/wp-json\/wp\/v2\/posts"}],"about":[{"href":"https:\/\/senoticias.com.br\/se\/wp-json\/wp\/v2\/types\/post"}],"author":[{"embeddable":true,"href":"https:\/\/senoticias.com.br\/se\/wp-json\/wp\/v2\/users\/3"}],"replies":[{"embeddable":true,"href":"https:\/\/senoticias.com.br\/se\/wp-json\/wp\/v2\/comments?post=34881"}],"version-history":[{"count":0,"href":"https:\/\/senoticias.com.br\/se\/wp-json\/wp\/v2\/posts\/34881\/revisions"}],"wp:featuredmedia":[{"embeddable":true,"href":"https:\/\/senoticias.com.br\/se\/wp-json\/wp\/v2\/media\/5931"}],"wp:attachment":[{"href":"https:\/\/senoticias.com.br\/se\/wp-json\/wp\/v2\/media?parent=34881"}],"wp:term":[{"taxonomy":"category","embeddable":true,"href":"https:\/\/senoticias.com.br\/se\/wp-json\/wp\/v2\/categories?post=34881"},{"taxonomy":"post_tag","embeddable":true,"href":"https:\/\/senoticias.com.br\/se\/wp-json\/wp\/v2\/tags?post=34881"}],"curies":[{"name":"wp","href":"https:\/\/api.w.org\/{rel}","templated":true}]}}