{"id":34875,"date":"2012-06-19T17:59:47","date_gmt":"2012-06-19T20:59:47","guid":{"rendered":"http:\/\/senoticias.com.br\/se\/?p=34875"},"modified":"2012-06-20T16:05:55","modified_gmt":"2012-06-20T19:05:55","slug":"acidente-deixa-condutor-de-veiculo-de-passeio-ferido-em-aracaju","status":"publish","type":"post","link":"https:\/\/senoticias.com.br\/se\/acidente-deixa-condutor-de-veiculo-de-passeio-ferido-em-aracaju\/","title":{"rendered":"Acidente deixa condutor de ve\u00edculo de passeio ferido em Aracaju"},"content":{"rendered":"<p><em><span style=\"color: #666699;\"><strong>Calos Aur\u00e9lio Internauta, G1 SE<\/strong><\/span><\/em><\/p>\n<p><strong>Condutor da S-10 teria invadido o sinal vermelho e provocado o acidente.<\/strong><br \/>\n<strong>Acidente ocorreu por volta das 15h30 desta ter\u00e7a-feira (19).<\/strong><\/p>\n<div class=\"mceTemp mceIEcenter\">\n<dl id=\"attachment_34876\" class=\"wp-caption aligncenter\" style=\"width: 630px;\">\n<dt class=\"wp-caption-dt\"><a href=\"http:\/\/senoticias.com.br\/se\/wp-content\/uploads\/2012\/06\/acidente1.jpg\"><img loading=\"lazy\" decoding=\"async\" class=\"size-full wp-image-34876\" title=\"acidente1\" src=\"http:\/\/senoticias.com.br\/se\/wp-content\/uploads\/2012\/06\/acidente1.jpg\" alt=\"\" width=\"620\" height=\"465\" srcset=\"https:\/\/senoticias.com.br\/se\/wp-content\/uploads\/2012\/06\/acidente1.jpg 620w, https:\/\/senoticias.com.br\/se\/wp-content\/uploads\/2012\/06\/acidente1-300x225.jpg 300w, https:\/\/senoticias.com.br\/se\/wp-content\/uploads\/2012\/06\/acidente1-342x256.jpg 342w, https:\/\/senoticias.com.br\/se\/wp-content\/uploads\/2012\/06\/acidente1-60x45.jpg 60w, https:\/\/senoticias.com.br\/se\/wp-content\/uploads\/2012\/06\/acidente1-150x113.jpg 150w, https:\/\/senoticias.com.br\/se\/wp-content\/uploads\/2012\/06\/acidente1-269x201.jpg 269w\" sizes=\"(max-width: 620px) 100vw, 620px\" \/><\/a><\/dt>\n<dd class=\"wp-caption-dd\"><\/dd>\n<\/dl>\n<\/div>\n<p>&nbsp;<\/p>\n<p style=\"text-align: justify;\">O condutor de um ve\u00edculo de passeio de modelo Uno ficou ferido durante uma colis\u00e3o com uma S-10 por volta das 15h30 desta ter\u00e7a-feira (19). O acidente ocorreu no cruzamento da Rua Sergipe com a Avenida Desembargador Maynard, no Bairro Siqueira Campos. Populares disseram que o condutor da S-10 avan\u00e7ou o sinal vermelho e provocou a colis\u00e3o. O ferido do ve\u00edculo de passeio teve um corte na testa, recebeu os primeiros socorros do Samu e passa bem. (Foto: Internauta \/ Carlos Aur\u00e9lio)<\/p>\n","protected":false},"excerpt":{"rendered":"<p>Calos Aur\u00e9lio Internauta, G1 SE Condutor da S-10 teria invadido o sinal vermelho e provocado o acidente. Acidente ocorreu por volta das 15h30 desta ter\u00e7a-feira (19). &nbsp; O condutor de um ve\u00edculo de passeio de modelo Uno ficou ferido durante uma colis\u00e3o com uma S-10 por volta das 15h30 desta ter\u00e7a-feira (19). O acidente ocorreu [&hellip;]<\/p>\n","protected":false},"author":3,"featured_media":34876,"comment_status":"closed","ping_status":"closed","sticky":false,"template":"","format":"standard","meta":{"footnotes":""},"categories":[7],"tags":[],"class_list":{"0":"post-34875","1":"post","2":"type-post","3":"status-publish","4":"format-standard","5":"has-post-thumbnail","7":"category-policia"},"_links":{"self":[{"href":"https:\/\/senoticias.com.br\/se\/wp-json\/wp\/v2\/posts\/34875"}],"collection":[{"href":"https:\/\/senoticias.com.br\/se\/wp-json\/wp\/v2\/posts"}],"about":[{"href":"https:\/\/senoticias.com.br\/se\/wp-json\/wp\/v2\/types\/post"}],"author":[{"embeddable":true,"href":"https:\/\/senoticias.com.br\/se\/wp-json\/wp\/v2\/users\/3"}],"replies":[{"embeddable":true,"href":"https:\/\/senoticias.com.br\/se\/wp-json\/wp\/v2\/comments?post=34875"}],"version-history":[{"count":0,"href":"https:\/\/senoticias.com.br\/se\/wp-json\/wp\/v2\/posts\/34875\/revisions"}],"wp:featuredmedia":[{"embeddable":true,"href":"https:\/\/senoticias.com.br\/se\/wp-json\/wp\/v2\/media\/34876"}],"wp:attachment":[{"href":"https:\/\/senoticias.com.br\/se\/wp-json\/wp\/v2\/media?parent=34875"}],"wp:term":[{"taxonomy":"category","embeddable":true,"href":"https:\/\/senoticias.com.br\/se\/wp-json\/wp\/v2\/categories?post=34875"},{"taxonomy":"post_tag","embeddable":true,"href":"https:\/\/senoticias.com.br\/se\/wp-json\/wp\/v2\/tags?post=34875"}],"curies":[{"name":"wp","href":"https:\/\/api.w.org\/{rel}","templated":true}]}}