{"id":34870,"date":"2012-06-19T17:46:14","date_gmt":"2012-06-19T20:46:14","guid":{"rendered":"http:\/\/senoticias.com.br\/se\/?p=34870"},"modified":"2012-06-19T17:46:49","modified_gmt":"2012-06-19T20:46:49","slug":"pm-apreende-arma-de-fogo-e-municoes-no-marcos-freire-i","status":"publish","type":"post","link":"https:\/\/senoticias.com.br\/se\/pm-apreende-arma-de-fogo-e-municoes-no-marcos-freire-i\/","title":{"rendered":"PM apreende arma de fogo e muni\u00e7\u00f5es no Marcos Freire I"},"content":{"rendered":"<p style=\"text-align: justify;\"><a href=\"http:\/\/senoticias.com.br\/se\/wp-content\/uploads\/2012\/06\/img4fe0d63943515.jpg\"><img loading=\"lazy\" decoding=\"async\" class=\"alignleft size-medium wp-image-34872\" title=\"RP\" src=\"http:\/\/senoticias.com.br\/se\/wp-content\/uploads\/2012\/06\/img4fe0d63943515-300x240.jpg\" alt=\"\" width=\"300\" height=\"240\" srcset=\"https:\/\/senoticias.com.br\/se\/wp-content\/uploads\/2012\/06\/img4fe0d63943515-300x240.jpg 300w, https:\/\/senoticias.com.br\/se\/wp-content\/uploads\/2012\/06\/img4fe0d63943515-342x274.jpg 342w, https:\/\/senoticias.com.br\/se\/wp-content\/uploads\/2012\/06\/img4fe0d63943515.jpg 747w\" sizes=\"(max-width: 300px) 100vw, 300px\" \/><\/a>A Pol\u00edcia Militar de Sergipe, atrav\u00e9s da Companhia de Pol\u00edcia de Radiopatrulha (CPRp), apreenderam, por volta das 14h30 desta ter\u00e7a-feira, 19, um rev\u00f3lver calibre 38 com seis muni\u00e7\u00f5es intactas, durante o patrulhamento do conjunto Marcos Freire I, na cidade de Nossa Senhora do Socorro.<\/p>\n<p style=\"text-align: justify;\">A guarni\u00e7\u00e3o comandada pelo sargento Neto realizava rondas ostensivas pela \u00e1rea do munic\u00edpio, quando resolveu abordar o ve\u00edculo que apresentava a situa\u00e7\u00e3o de uma m\u00e3e carregando um rec\u00e9m nascido no banco dianteiro. Os policiais orientaram a fam\u00edlia sobre o perigo de um poss\u00edvel acidente e, durante o procedimento de buscas no interior do ve\u00edculo, foi encontrado um rev\u00f3lver calibre 38 com seis muni\u00e7\u00f5es.<\/p>\n<p style=\"text-align: justify;\">A guarni\u00e7\u00e3o, que estava composta pelo sargento Neto e os soldados Eduardo e Coutinho, teve o apoio da guarni\u00e7\u00e3o formada pelos cabos Severo e Bomfim e a soldado Monique, que juntas efetuaram dilig\u00eancias na localidade e encaminharam a arma apreendida \u00e0 2\u00aa Delegacia Metropolitana.<\/p>\n<p style=\"text-align: justify;\">Ascom\/PM<\/p>\n","protected":false},"excerpt":{"rendered":"<p>A Pol\u00edcia Militar de Sergipe, atrav\u00e9s da Companhia de Pol\u00edcia de Radiopatrulha (CPRp), apreenderam, por volta das 14h30 desta ter\u00e7a-feira, 19, um rev\u00f3lver calibre 38 com seis muni\u00e7\u00f5es intactas, durante o patrulhamento do conjunto Marcos Freire I, na cidade de Nossa Senhora do Socorro. A guarni\u00e7\u00e3o comandada pelo sargento Neto realizava rondas ostensivas pela \u00e1rea [&hellip;]<\/p>\n","protected":false},"author":3,"featured_media":34872,"comment_status":"closed","ping_status":"closed","sticky":false,"template":"","format":"standard","meta":{"footnotes":""},"categories":[7],"tags":[],"class_list":{"0":"post-34870","1":"post","2":"type-post","3":"status-publish","4":"format-standard","5":"has-post-thumbnail","7":"category-policia"},"_links":{"self":[{"href":"https:\/\/senoticias.com.br\/se\/wp-json\/wp\/v2\/posts\/34870"}],"collection":[{"href":"https:\/\/senoticias.com.br\/se\/wp-json\/wp\/v2\/posts"}],"about":[{"href":"https:\/\/senoticias.com.br\/se\/wp-json\/wp\/v2\/types\/post"}],"author":[{"embeddable":true,"href":"https:\/\/senoticias.com.br\/se\/wp-json\/wp\/v2\/users\/3"}],"replies":[{"embeddable":true,"href":"https:\/\/senoticias.com.br\/se\/wp-json\/wp\/v2\/comments?post=34870"}],"version-history":[{"count":0,"href":"https:\/\/senoticias.com.br\/se\/wp-json\/wp\/v2\/posts\/34870\/revisions"}],"wp:featuredmedia":[{"embeddable":true,"href":"https:\/\/senoticias.com.br\/se\/wp-json\/wp\/v2\/media\/34872"}],"wp:attachment":[{"href":"https:\/\/senoticias.com.br\/se\/wp-json\/wp\/v2\/media?parent=34870"}],"wp:term":[{"taxonomy":"category","embeddable":true,"href":"https:\/\/senoticias.com.br\/se\/wp-json\/wp\/v2\/categories?post=34870"},{"taxonomy":"post_tag","embeddable":true,"href":"https:\/\/senoticias.com.br\/se\/wp-json\/wp\/v2\/tags?post=34870"}],"curies":[{"name":"wp","href":"https:\/\/api.w.org\/{rel}","templated":true}]}}