{"id":34664,"date":"2012-06-17T08:16:59","date_gmt":"2012-06-17T11:16:59","guid":{"rendered":"http:\/\/senoticias.com.br\/se\/?p=34664"},"modified":"2012-06-17T08:17:25","modified_gmt":"2012-06-17T11:17:25","slug":"queda-de-palco-do-radiohead-deixa-um-morto","status":"publish","type":"post","link":"https:\/\/senoticias.com.br\/se\/queda-de-palco-do-radiohead-deixa-um-morto\/","title":{"rendered":"Queda de palco do Radiohead deixa um morto"},"content":{"rendered":"<p style=\"text-align: justify;\"><span style=\"color: #333333;\"><strong>Segundo jornal canadense, tr\u00eas pessoas se feriram, uma gravemente.<\/strong><\/span><br \/>\n<span style=\"color: #333333;\"><strong>Banda anunciou pelo Twitter o cancelamento do show deste s\u00e1bado (16).<\/strong><\/span><\/p>\n<p style=\"text-align: justify;\">Uma pessoa morreu e uma foi hospitalizada depois que o palco do show do Radiohead no Canad\u00e1 caiu neste s\u00e1bado (16). O acidente aconteceu no Parque Downsview, na cidade de Toronto, na prov\u00edncia canadense de Ontario. Segundo a p\u00e1gina oficial da banda no Twitter, o show foi cancelado.<\/p>\n<div id=\"attachment_34668\" style=\"width: 605px\" class=\"wp-caption aligncenter\"><a href=\"http:\/\/senoticias.com.br\/se\/wp-content\/uploads\/2012\/06\/Palco.jpg\"><img loading=\"lazy\" decoding=\"async\" aria-describedby=\"caption-attachment-34668\" class=\"size-full wp-image-34668\" title=\"Palco\" src=\"http:\/\/senoticias.com.br\/se\/wp-content\/uploads\/2012\/06\/Palco.jpg\" alt=\"\" width=\"595\" height=\"592\" srcset=\"https:\/\/senoticias.com.br\/se\/wp-content\/uploads\/2012\/06\/Palco.jpg 595w, https:\/\/senoticias.com.br\/se\/wp-content\/uploads\/2012\/06\/Palco-150x150.jpg 150w, https:\/\/senoticias.com.br\/se\/wp-content\/uploads\/2012\/06\/Palco-300x298.jpg 300w, https:\/\/senoticias.com.br\/se\/wp-content\/uploads\/2012\/06\/Palco-50x50.jpg 50w, https:\/\/senoticias.com.br\/se\/wp-content\/uploads\/2012\/06\/Palco-342x340.jpg 342w, https:\/\/senoticias.com.br\/se\/wp-content\/uploads\/2012\/06\/Palco-70x70.jpg 70w, https:\/\/senoticias.com.br\/se\/wp-content\/uploads\/2012\/06\/Palco-55x55.jpg 55w\" sizes=\"(max-width: 595px) 100vw, 595px\" \/><\/a><p id=\"caption-attachment-34668\" class=\"wp-caption-text\">Palco do show do Radiohead no Canad\u00e1 antes e depois de cair, na tarde deste s\u00e1bado (Foto: Alexandra Mihan\/Reuters)<\/p><\/div>\n<p style=\"text-align: justify;\">&#8220;Devido a circust\u00e2ncias inesperadas, a apresenta\u00e7\u00e3o desta noite no Downsview Park foi cancelada. Aconselhamos os f\u00e3s a n\u00e3o irem at\u00e9 o local do show&#8221;, dizia a mensagem publicada no fim da tarde deste s\u00e1bado.<\/p>\n<p style=\"text-align: justify;\">De acordo com declara\u00e7\u00f5es do Servi\u00e7o de Emerg\u00eancia M\u00e9dica de Toronto ao jornal canadense The Star, a queda do palco aconteceu por volta das 16h no hor\u00e1rio local (17h em Bras\u00edlia). Uma v\u00edtima foi levada ao hospital Sunnybrook em estado grave e outras duas foram tratadas com ferimentos leves, disse o servi\u00e7o.<\/p>\n<p style=\"text-align: justify;\">O jornal afirmou, em seu site, que uma funcion\u00e1ria de uma tenda de bebidas a cerca de 100 metros de dist\u00e2ncia do palco testemunhou a queda. &#8220;Estavam todos a postos, tudo estava pronto para come\u00e7ar. Est\u00e1vamos l\u00e1 s\u00f3 esperando, acho que a equipe de checagem de som estava pronta para iniciar um pouco antes de o palco cair&#8221;, afirmou Alexandra Halbert ao jornal. Ela afirmou que n\u00e3o ventava forte no momento do acidente.<\/p>\n<p style=\"text-align: justify;\">A equipe de seguran\u00e7a do parque pediu que todos os trabalhadores deixassem o local. Uma rua foi fechada pela pol\u00edcia e o tr\u00e2nsito foi desviado.<\/p>\n<p style=\"text-align: justify;\">A banda brit\u00e2nica, que tem como vocalista o m\u00fasica Thom Yorke, participaria do festival de m\u00fasica North by Northeast na noite deste s\u00e1bado. Ainda de acordo com o The Star, a empresa Live Nation, respons\u00e1vel pela venda dos ingressos, afirmou que vai devolver o dinheiro dos f\u00e3s.<\/p>\n<p style=\"text-align: justify;\"><span style=\"color: #666699;\"><em><strong>Do G1, com informa\u00e7\u00f5es do Toronto Sun<\/strong><\/em><\/span><\/p>\n","protected":false},"excerpt":{"rendered":"<p>Segundo jornal canadense, tr\u00eas pessoas se feriram, uma gravemente. Banda anunciou pelo Twitter o cancelamento do show deste s\u00e1bado (16). Uma pessoa morreu e uma foi hospitalizada depois que o palco do show do Radiohead no Canad\u00e1 caiu neste s\u00e1bado (16). O acidente aconteceu no Parque Downsview, na cidade de Toronto, na prov\u00edncia canadense de [&hellip;]<\/p>\n","protected":false},"author":3,"featured_media":34668,"comment_status":"closed","ping_status":"closed","sticky":false,"template":"","format":"standard","meta":{"footnotes":""},"categories":[38],"tags":[],"class_list":{"0":"post-34664","1":"post","2":"type-post","3":"status-publish","4":"format-standard","5":"has-post-thumbnail","7":"category-municipios"},"_links":{"self":[{"href":"https:\/\/senoticias.com.br\/se\/wp-json\/wp\/v2\/posts\/34664"}],"collection":[{"href":"https:\/\/senoticias.com.br\/se\/wp-json\/wp\/v2\/posts"}],"about":[{"href":"https:\/\/senoticias.com.br\/se\/wp-json\/wp\/v2\/types\/post"}],"author":[{"embeddable":true,"href":"https:\/\/senoticias.com.br\/se\/wp-json\/wp\/v2\/users\/3"}],"replies":[{"embeddable":true,"href":"https:\/\/senoticias.com.br\/se\/wp-json\/wp\/v2\/comments?post=34664"}],"version-history":[{"count":0,"href":"https:\/\/senoticias.com.br\/se\/wp-json\/wp\/v2\/posts\/34664\/revisions"}],"wp:featuredmedia":[{"embeddable":true,"href":"https:\/\/senoticias.com.br\/se\/wp-json\/wp\/v2\/media\/34668"}],"wp:attachment":[{"href":"https:\/\/senoticias.com.br\/se\/wp-json\/wp\/v2\/media?parent=34664"}],"wp:term":[{"taxonomy":"category","embeddable":true,"href":"https:\/\/senoticias.com.br\/se\/wp-json\/wp\/v2\/categories?post=34664"},{"taxonomy":"post_tag","embeddable":true,"href":"https:\/\/senoticias.com.br\/se\/wp-json\/wp\/v2\/tags?post=34664"}],"curies":[{"name":"wp","href":"https:\/\/api.w.org\/{rel}","templated":true}]}}