{"id":34650,"date":"2012-06-16T18:53:43","date_gmt":"2012-06-16T21:53:43","guid":{"rendered":"http:\/\/senoticias.com.br\/se\/?p=34650"},"modified":"2012-06-16T19:13:20","modified_gmt":"2012-06-16T22:13:20","slug":"jovem-e-assassinado-com-golpes-de-faca-na-primeira-noite-do-forro-caju","status":"publish","type":"post","link":"https:\/\/senoticias.com.br\/se\/jovem-e-assassinado-com-golpes-de-faca-na-primeira-noite-do-forro-caju\/","title":{"rendered":"Jovem \u00e9 assassinado com golpes de faca  ao sair do Forr\u00f3 Caju"},"content":{"rendered":"<p>&nbsp;<\/p>\n<div id=\"attachment_21098\" style=\"width: 310px\" class=\"wp-caption alignleft\"><a href=\"http:\/\/senoticias.com.br\/se\/wp-content\/uploads\/2011\/12\/IML.jpg\"><img loading=\"lazy\" decoding=\"async\" aria-describedby=\"caption-attachment-21098\" class=\"size-medium wp-image-21098\" title=\"IML\" src=\"http:\/\/senoticias.com.br\/se\/wp-content\/uploads\/2011\/12\/IML-300x225.jpg\" alt=\"\" width=\"300\" height=\"225\" srcset=\"https:\/\/senoticias.com.br\/se\/wp-content\/uploads\/2011\/12\/IML-300x225.jpg 300w, https:\/\/senoticias.com.br\/se\/wp-content\/uploads\/2011\/12\/IML-342x256.jpg 342w, https:\/\/senoticias.com.br\/se\/wp-content\/uploads\/2011\/12\/IML-60x45.jpg 60w, https:\/\/senoticias.com.br\/se\/wp-content\/uploads\/2011\/12\/IML-150x113.jpg 150w, https:\/\/senoticias.com.br\/se\/wp-content\/uploads\/2011\/12\/IML-269x201.jpg 269w, https:\/\/senoticias.com.br\/se\/wp-content\/uploads\/2011\/12\/IML.jpg 500w\" sizes=\"(max-width: 300px) 100vw, 300px\" \/><\/a><p id=\"caption-attachment-21098\" class=\"wp-caption-text\">O corpo de Jos\u00e9 Klebson foi removido para o Instituto M\u00e9dico Legal. (Foto: Reprodu\u00e7\u00e3o)<\/p><\/div>\n<p style=\"text-align: justify;\">Jos\u00e9 Klebson Nascimento dos Santos, 23 anos, foi assassinado com golpes de faca por volta das 6h deste s\u00e1bado (16). De acordo com informa\u00e7\u00f5es de familiares da v\u00edtima, ele teria participado da abertura do Forr\u00f3 Caju, na Pra\u00e7a de Eventos dos Mercados Municipais, em Aracaju, e foi morto quando estava saindo da festa.<\/p>\n<p style=\"text-align: justify;\">\u201cEle n\u00e3o tinha desafetos e saiu de casa feliz para se divertir, mas n\u00e3o voltou. Amigos dele presenciaram a a\u00e7\u00e3o dos assassinos. N\u00e3o sabemos a causa do crime e queremos justi\u00e7a\u2019, disse um parente que preferiu n\u00e3o ser identificado.<\/p>\n<p style=\"text-align: justify;\">O corpo do jovem foi levado para o Instituto M\u00e9dico Legal (IML) e liberado para sepultamento no fim da manh\u00e3 deste s\u00e1bado.<\/p>\n<p style=\"text-align: justify;\"><span style=\"color: #666699;\"><em><strong>SE Not\u00edcias com G1 SE<\/strong><\/em><\/span><\/p>\n","protected":false},"excerpt":{"rendered":"<p>&nbsp; Jos\u00e9 Klebson Nascimento dos Santos, 23 anos, foi assassinado com golpes de faca por volta das 6h deste s\u00e1bado (16). De acordo com informa\u00e7\u00f5es de familiares da v\u00edtima, ele teria participado da abertura do Forr\u00f3 Caju, na Pra\u00e7a de Eventos dos Mercados Municipais, em Aracaju, e foi morto quando estava saindo da festa. \u201cEle [&hellip;]<\/p>\n","protected":false},"author":3,"featured_media":21098,"comment_status":"closed","ping_status":"closed","sticky":false,"template":"","format":"standard","meta":{"footnotes":""},"categories":[7],"tags":[],"class_list":{"0":"post-34650","1":"post","2":"type-post","3":"status-publish","4":"format-standard","5":"has-post-thumbnail","7":"category-policia"},"_links":{"self":[{"href":"https:\/\/senoticias.com.br\/se\/wp-json\/wp\/v2\/posts\/34650"}],"collection":[{"href":"https:\/\/senoticias.com.br\/se\/wp-json\/wp\/v2\/posts"}],"about":[{"href":"https:\/\/senoticias.com.br\/se\/wp-json\/wp\/v2\/types\/post"}],"author":[{"embeddable":true,"href":"https:\/\/senoticias.com.br\/se\/wp-json\/wp\/v2\/users\/3"}],"replies":[{"embeddable":true,"href":"https:\/\/senoticias.com.br\/se\/wp-json\/wp\/v2\/comments?post=34650"}],"version-history":[{"count":0,"href":"https:\/\/senoticias.com.br\/se\/wp-json\/wp\/v2\/posts\/34650\/revisions"}],"wp:featuredmedia":[{"embeddable":true,"href":"https:\/\/senoticias.com.br\/se\/wp-json\/wp\/v2\/media\/21098"}],"wp:attachment":[{"href":"https:\/\/senoticias.com.br\/se\/wp-json\/wp\/v2\/media?parent=34650"}],"wp:term":[{"taxonomy":"category","embeddable":true,"href":"https:\/\/senoticias.com.br\/se\/wp-json\/wp\/v2\/categories?post=34650"},{"taxonomy":"post_tag","embeddable":true,"href":"https:\/\/senoticias.com.br\/se\/wp-json\/wp\/v2\/tags?post=34650"}],"curies":[{"name":"wp","href":"https:\/\/api.w.org\/{rel}","templated":true}]}}