{"id":34635,"date":"2012-06-16T11:41:12","date_gmt":"2012-06-16T14:41:12","guid":{"rendered":"http:\/\/senoticias.com.br\/se\/?p=34635"},"modified":"2012-06-18T09:12:11","modified_gmt":"2012-06-18T12:12:11","slug":"prefeito-luciano-bispo-lanca-o-nome-de-olivier-chagas-como-pre-candidato-a-vice-prefeito","status":"publish","type":"post","link":"https:\/\/senoticias.com.br\/se\/prefeito-luciano-bispo-lanca-o-nome-de-olivier-chagas-como-pre-candidato-a-vice-prefeito\/","title":{"rendered":"Luciano Bispo lan\u00e7a o nome de Olivier Chagas como pr\u00e9-candidato a vice-prefeito."},"content":{"rendered":"<div id=\"attachment_34636\" style=\"width: 310px\" class=\"wp-caption alignleft\"><a href=\"http:\/\/senoticias.com.br\/se\/wp-content\/uploads\/2012\/06\/luciano_2012_6_grande2.jpg\"><img loading=\"lazy\" decoding=\"async\" aria-describedby=\"caption-attachment-34636\" class=\"size-medium wp-image-34636\" title=\"luciano_2012_6_grande2\" src=\"http:\/\/senoticias.com.br\/se\/wp-content\/uploads\/2012\/06\/luciano_2012_6_grande2-300x225.jpg\" alt=\"\" width=\"300\" height=\"225\" srcset=\"https:\/\/senoticias.com.br\/se\/wp-content\/uploads\/2012\/06\/luciano_2012_6_grande2-300x225.jpg 300w, https:\/\/senoticias.com.br\/se\/wp-content\/uploads\/2012\/06\/luciano_2012_6_grande2-342x256.jpg 342w, https:\/\/senoticias.com.br\/se\/wp-content\/uploads\/2012\/06\/luciano_2012_6_grande2-60x45.jpg 60w, https:\/\/senoticias.com.br\/se\/wp-content\/uploads\/2012\/06\/luciano_2012_6_grande2-150x113.jpg 150w, https:\/\/senoticias.com.br\/se\/wp-content\/uploads\/2012\/06\/luciano_2012_6_grande2-269x201.jpg 269w, https:\/\/senoticias.com.br\/se\/wp-content\/uploads\/2012\/06\/luciano_2012_6_grande2.jpg 400w\" sizes=\"(max-width: 300px) 100vw, 300px\" \/><\/a><p id=\"caption-attachment-34636\" class=\"wp-caption-text\">PT e PMDB estar\u00e3o juntos em Itabaiana.(Reprodu\u00e7\u00e3o)<\/p><\/div>\n<p style=\"text-align: justify;\">O evento estava marcado para come\u00e7ar as 19h, no entanto correligion\u00e1rios esperavam o candidato \u00e0 reelei\u00e7\u00e3o, Luciano Bispo, na porta da sua casa, e s\u00f3 as 20h10, assim que o vereador Olivier Chagas, chega acompanhado de amigos e populares, \u00e9 que todos se dirigem a Associa\u00e7\u00e3o Atl\u00e9tica de Itabaiana. No percurso at\u00e9 a AAI houve muitos fogos e bandeiras do PMDB que ainda foi acompanhado ao som da cantora V\u00e2nia Silva, com a popular m\u00fasica &#8220;Ciganinha&#8221;.<\/p>\n<p style=\"text-align: justify;\">O Radialista e Vereador Francis de Andrade abriu o evento logo ap\u00f3s da banda de V\u00e2nia Silva ter tocado. Ele informa que o governador do estado Marcelo D\u00e9da, n\u00e3o pode comparecer ao evento, devido a uma reuni\u00e3o que est\u00e1 ocorrendo em Bras\u00edlia com a Presidente Dilma Rousseff. Francis \u00e9 o primeiro que anuncia a uni\u00e3o do PT ao PMDB e d\u00e1 o nome do vereador Olivier Chagas como pr\u00e9-candidato a vice-prefeito.<\/p>\n<p style=\"text-align: justify;\">Em seguida o Deputado Estadual Arnaldo Bispo sa\u00fada ao correligion\u00e1rios e amigos do PT e PMDB. Tamb\u00e9m foi o caso do vereador Jos\u00e9 Carlos G\u00f3is (Carlinhos da Atl\u00e9tica) que tamb\u00e9m esteve saudando a todos os presentes.<\/p>\n<p style=\"text-align: justify;\">O pr\u00e9-candidato a vice-prefeito Olivier Chagas ressaltou que nunca se sentiu t\u00e3o bem ao estar ao lado de Luciano Bispo, quanto ele est\u00e1 hoje. Disse ainda que, na hist\u00f3ria de Itabaiana nunca houve uma parceria igual ou melhor que esta.<\/p>\n<p style=\"text-align: justify;\">Olivier Ferreira das Chagas nasceu em 08\/04\/1969 na cidade de S\u00e3o Paulo\/SP. Filho primog\u00eanito do casal Ol\u00edvio Ferreira das Chagas e Elo\u00edsa C\u00e2ndida das Chagas, tendo a companhia de seis irm\u00e3os.<\/p>\n<p style=\"text-align: justify;\">Atualmente \u00e9 casado com a enfermeira Josefa Adeilma Barreto e pai de dois filhos: \u00cdcaro Chagas Barreto e Gabriel Chagas Barreto, \u00e9 membro da executiva estadual do Partido dos trabalhadores de Sergipe e atua na cidade de Itabaiana como advogado.<\/p>\n<p style=\"text-align: justify;\"><span style=\"color: #333399;\"><em><strong>Da Reda\u00e7\u00e3o, Silas Brito &#8211; Itnet<\/strong><\/em><\/span><\/p>\n","protected":false},"excerpt":{"rendered":"<p>O evento estava marcado para come\u00e7ar as 19h, no entanto correligion\u00e1rios esperavam o candidato \u00e0 reelei\u00e7\u00e3o, Luciano Bispo, na porta da sua casa, e s\u00f3 as 20h10, assim que o vereador Olivier Chagas, chega acompanhado de amigos e populares, \u00e9 que todos se dirigem a Associa\u00e7\u00e3o Atl\u00e9tica de Itabaiana. No percurso at\u00e9 a AAI houve [&hellip;]<\/p>\n","protected":false},"author":3,"featured_media":34636,"comment_status":"closed","ping_status":"closed","sticky":false,"template":"","format":"standard","meta":{"footnotes":""},"categories":[6],"tags":[],"class_list":{"0":"post-34635","1":"post","2":"type-post","3":"status-publish","4":"format-standard","5":"has-post-thumbnail","7":"category-politica"},"_links":{"self":[{"href":"https:\/\/senoticias.com.br\/se\/wp-json\/wp\/v2\/posts\/34635"}],"collection":[{"href":"https:\/\/senoticias.com.br\/se\/wp-json\/wp\/v2\/posts"}],"about":[{"href":"https:\/\/senoticias.com.br\/se\/wp-json\/wp\/v2\/types\/post"}],"author":[{"embeddable":true,"href":"https:\/\/senoticias.com.br\/se\/wp-json\/wp\/v2\/users\/3"}],"replies":[{"embeddable":true,"href":"https:\/\/senoticias.com.br\/se\/wp-json\/wp\/v2\/comments?post=34635"}],"version-history":[{"count":0,"href":"https:\/\/senoticias.com.br\/se\/wp-json\/wp\/v2\/posts\/34635\/revisions"}],"wp:featuredmedia":[{"embeddable":true,"href":"https:\/\/senoticias.com.br\/se\/wp-json\/wp\/v2\/media\/34636"}],"wp:attachment":[{"href":"https:\/\/senoticias.com.br\/se\/wp-json\/wp\/v2\/media?parent=34635"}],"wp:term":[{"taxonomy":"category","embeddable":true,"href":"https:\/\/senoticias.com.br\/se\/wp-json\/wp\/v2\/categories?post=34635"},{"taxonomy":"post_tag","embeddable":true,"href":"https:\/\/senoticias.com.br\/se\/wp-json\/wp\/v2\/tags?post=34635"}],"curies":[{"name":"wp","href":"https:\/\/api.w.org\/{rel}","templated":true}]}}