{"id":34628,"date":"2012-06-16T11:26:36","date_gmt":"2012-06-16T14:26:36","guid":{"rendered":"http:\/\/senoticias.com.br\/se\/?p=34628"},"modified":"2012-06-18T06:43:25","modified_gmt":"2012-06-18T09:43:25","slug":"ex-presidiario-e-morto-a-tiros-em-mesa-de-bar-em-itabaiana","status":"publish","type":"post","link":"https:\/\/senoticias.com.br\/se\/ex-presidiario-e-morto-a-tiros-em-mesa-de-bar-em-itabaiana\/","title":{"rendered":"Ex-presidi\u00e1rio \u00e9 morto a tiros em mesa de bar em Itabaiana"},"content":{"rendered":"<p style=\"text-align: justify;\"><a href=\"http:\/\/senoticias.com.br\/se\/wp-content\/uploads\/2012\/06\/morte_gilvan_malvadeza_p2.jpg\"><img loading=\"lazy\" decoding=\"async\" class=\"alignleft size-full wp-image-34630\" title=\"Itabaiana\" src=\"http:\/\/senoticias.com.br\/se\/wp-content\/uploads\/2012\/06\/morte_gilvan_malvadeza_p2.jpg\" alt=\"\" width=\"267\" height=\"200\" srcset=\"https:\/\/senoticias.com.br\/se\/wp-content\/uploads\/2012\/06\/morte_gilvan_malvadeza_p2.jpg 267w, https:\/\/senoticias.com.br\/se\/wp-content\/uploads\/2012\/06\/morte_gilvan_malvadeza_p2-60x45.jpg 60w, https:\/\/senoticias.com.br\/se\/wp-content\/uploads\/2012\/06\/morte_gilvan_malvadeza_p2-150x113.jpg 150w\" sizes=\"(max-width: 267px) 100vw, 267px\" \/><\/a>O crime ocorreu por volta das 20h15 desta sexta-feira, dia 15, dentro do Bar de Lito, localizado \u00e0 Avenida Dr. Pedro Garcia Moreno Filho na esquina com a Rua Carlos Alberto Silveira Lima, em Itabaiana (SE).<\/p>\n<p style=\"text-align: justify;\">A v\u00edtima foi o ex-presidi\u00e1rio Gilvan Gonzaga Lima, conhecido como <strong>Gilvan Malvadeza<\/strong>, 44 anos, morador do conjunto General Jo\u00e3o Pereira.<\/p>\n<p style=\"text-align: justify;\">Ele havia deixado o sistema prisional do Estado existia aproximadamente 1 ano ap\u00f3s cumprir pena por crime de homic\u00eddio na cidade serrana. Um dos homic\u00eddios atribuido ao mesmo foi contra o <strong>radialista Gilmar Santos<\/strong>, assassinado a tiros na BR-235 quando retornava para a cidade de Frei Paulo.<\/p>\n<p style=\"text-align: justify;\">Gilvan Malvadeza tomava cerveja quando foi surpreendido com a chegada de homem a p\u00e9 e efetuou os disparos. Atingido com dois tiros no pesco\u00e7o, ele n\u00e3o resistiu e morreu sentado em uma cadeira.<\/p>\n<p style=\"text-align: justify;\">De uma fam\u00edlia de 13 irm\u00e3os, Gilvan Gonzaga Lima era solteiro e morava com os pais.<\/p>\n<p style=\"text-align: justify;\">Com a morte de Gilvan Malvadeza a estat\u00edstica da criminalidade de Itabaiana sobe para <strong>seis hom\u00edcidios somente nos primeiros 15 dias de junho e o <a href=\"  http:\/\/senoticias.com.br\/se\/?p=34566\" target=\"_blank\"><span style=\"color: #0000ff;\">segundo em um mesmo dia<\/span><\/a>.<\/strong><\/p>\n<p style=\"text-align: justify;\"><span style=\"color: #666699;\"><em><strong>Por Gilson de Oliveira &#8211; Itnet<\/strong><\/em><\/span><\/p>\n","protected":false},"excerpt":{"rendered":"<p>O crime ocorreu por volta das 20h15 desta sexta-feira, dia 15, dentro do Bar de Lito, localizado \u00e0 Avenida Dr. Pedro Garcia Moreno Filho na esquina com a Rua Carlos Alberto Silveira Lima, em Itabaiana (SE). A v\u00edtima foi o ex-presidi\u00e1rio Gilvan Gonzaga Lima, conhecido como Gilvan Malvadeza, 44 anos, morador do conjunto General Jo\u00e3o [&hellip;]<\/p>\n","protected":false},"author":3,"featured_media":34630,"comment_status":"closed","ping_status":"closed","sticky":false,"template":"","format":"standard","meta":{"footnotes":""},"categories":[7],"tags":[],"class_list":{"0":"post-34628","1":"post","2":"type-post","3":"status-publish","4":"format-standard","5":"has-post-thumbnail","7":"category-policia"},"_links":{"self":[{"href":"https:\/\/senoticias.com.br\/se\/wp-json\/wp\/v2\/posts\/34628"}],"collection":[{"href":"https:\/\/senoticias.com.br\/se\/wp-json\/wp\/v2\/posts"}],"about":[{"href":"https:\/\/senoticias.com.br\/se\/wp-json\/wp\/v2\/types\/post"}],"author":[{"embeddable":true,"href":"https:\/\/senoticias.com.br\/se\/wp-json\/wp\/v2\/users\/3"}],"replies":[{"embeddable":true,"href":"https:\/\/senoticias.com.br\/se\/wp-json\/wp\/v2\/comments?post=34628"}],"version-history":[{"count":0,"href":"https:\/\/senoticias.com.br\/se\/wp-json\/wp\/v2\/posts\/34628\/revisions"}],"wp:featuredmedia":[{"embeddable":true,"href":"https:\/\/senoticias.com.br\/se\/wp-json\/wp\/v2\/media\/34630"}],"wp:attachment":[{"href":"https:\/\/senoticias.com.br\/se\/wp-json\/wp\/v2\/media?parent=34628"}],"wp:term":[{"taxonomy":"category","embeddable":true,"href":"https:\/\/senoticias.com.br\/se\/wp-json\/wp\/v2\/categories?post=34628"},{"taxonomy":"post_tag","embeddable":true,"href":"https:\/\/senoticias.com.br\/se\/wp-json\/wp\/v2\/tags?post=34628"}],"curies":[{"name":"wp","href":"https:\/\/api.w.org\/{rel}","templated":true}]}}