{"id":34623,"date":"2012-06-16T11:19:43","date_gmt":"2012-06-16T14:19:43","guid":{"rendered":"http:\/\/senoticias.com.br\/se\/?p=34623"},"modified":"2012-06-16T11:23:03","modified_gmt":"2012-06-16T14:23:03","slug":"policia-garante-seguranca-e-tranquilidade-na-primeira-noite-do-forro-caju","status":"publish","type":"post","link":"https:\/\/senoticias.com.br\/se\/policia-garante-seguranca-e-tranquilidade-na-primeira-noite-do-forro-caju\/","title":{"rendered":"Pol\u00edcia garante seguran\u00e7a e tranquilidade na primeira noite do Forr\u00f3 Caju"},"content":{"rendered":"<p style=\"text-align: justify;\"><a href=\"http:\/\/senoticias.com.br\/se\/wp-content\/uploads\/2012\/06\/Iunes-e-Jackson.jpg\"><img loading=\"lazy\" decoding=\"async\" class=\"alignleft size-medium wp-image-34624\" title=\"SONY DSC\" src=\"http:\/\/senoticias.com.br\/se\/wp-content\/uploads\/2012\/06\/Iunes-e-Jackson-300x200.jpg\" alt=\"\" width=\"300\" height=\"200\" srcset=\"https:\/\/senoticias.com.br\/se\/wp-content\/uploads\/2012\/06\/Iunes-e-Jackson-300x200.jpg 300w, https:\/\/senoticias.com.br\/se\/wp-content\/uploads\/2012\/06\/Iunes-e-Jackson-342x228.jpg 342w, https:\/\/senoticias.com.br\/se\/wp-content\/uploads\/2012\/06\/Iunes-e-Jackson.jpg 640w\" sizes=\"(max-width: 300px) 100vw, 300px\" \/><\/a>A Pol\u00edcia Militar, atrav\u00e9s do Comando do Policiamento Militar da Capital (CPMC), realizou nas primeiras horas desta noite a apresenta\u00e7\u00e3o do efetivo que estar\u00e1 atuando no local na primeira noite do Forr\u00f3 Caju. Para acompanhar a revista \u00e0 tropa, o coronel Maur\u00edcio da Cunha Iunes, comandante geral da PM, esteve no local e aproveitou para realizar o reconhecimento de todo o espa\u00e7o da festa.<\/p>\n<p style=\"text-align: justify;\">\u201cO p\u00fablico interessado no Forr\u00f3 Caju deve comparecer ao evento com o intuito de aproveitar a festa. Estamos refor\u00e7ando o policiamento na \u00e1rea externa e interna o evento, entretanto ressaltamos que o policiamento nas demais \u00e1reas da capital permanece sem altera\u00e7\u00f5es. Os cidad\u00e3os, caso tenham necessidade, podem acionar atendimento atrav\u00e9s do n\u00famero 190 que ser\u00e3o atendidos\u201d, destacou o coronel Iunes.<\/p>\n<p style=\"text-align: justify;\">Uma grande preocupa\u00e7\u00e3o dos sergipanos e turistas que seguem ao Forr\u00f3 Caju \u00e9 justamente o momento da sa\u00edda da festa, sobretudo para os que necessitam retorna para suas resid\u00eancias de \u00f4nibus. \u201cTemos uma viatura do Batalh\u00e3o de Choque voltada exclusivamente para atuar nos terminais de integra\u00e7\u00e3o situados pr\u00f3ximo ao evento. \u00c9 justamente para acompanhar esse retorno do p\u00fablico para suas resid\u00eancias\u201d, pontuou o coronel Iunes.<\/p>\n<p style=\"text-align: justify;\">Com rela\u00e7\u00e3o \u00e0 seguran\u00e7a pessoal do p\u00fablico, o tenente-coronel Jackson Nascimento, comandante do CPMC, alerta que as pessoas evitem ostentar riqueza. \u201c\u00c9 importante trazer apenas os documentos que ir\u00e1 utilizar ao longo da noite. Evitar volumes que chamem a aten\u00e7\u00e3o de poss\u00edveis infratores. Refor\u00e7amos ainda que as pessoas devem andar em grupo e que as mulheres devem evitar andar sozinhas em \u00e1reas isoladas\u201d, alertou o oficial.<\/p>\n<p style=\"text-align: justify;\">Em conversa com a tropa antes da distribui\u00e7\u00e3o na \u00e1rea da festa, o tenente-coronel Jackson fez quest\u00e3o de refor\u00e7ar alguns pontos junto aos policiais militares. \u201cDestaco que estaremos com os senhores at\u00e9 o t\u00e9rmino do evento, pois acreditamos que o oficial deve permanecer com a tropa pelo tempo que os senhores necessitarem estar empregados no evento. Sentiremos o mesmo frio ou calor que os senhores. Al\u00e9m disso, ressalto que todos os policiais militares receber\u00e3o a Gratifica\u00e7\u00e3o por Atua\u00e7\u00e3o em Eventos (Grae) no final do m\u00eas de julho. Os senhores trabalham neste m\u00eas e recebem no m\u00eas seguinte. Mas todo policial militar ser\u00e1 contemplado com a gratifica\u00e7\u00e3o que tem direito. No final dessa primeira noite, nossa expectativa \u00e9 que cada profissional aqui presente possa retornar com tranq\u00fcilidade e seguran\u00e7a para suas resid\u00eancias. O Comando Geral confia no trabalho de todos aqui presentes\u201d, frisou o tenente-coronel Jackson.<\/p>\n<p style=\"text-align: justify;\"><strong>Ocorr\u00eancias<\/strong><\/p>\n<p style=\"text-align: justify;\">Caso haja ocorr\u00eancias envolvendo adultos na \u00e1rea interna da festa, a situa\u00e7\u00e3o ser\u00e1 analisada atrav\u00e9s de triagem pela pr\u00f3pria PM. Em caso de necessidade, o cidad\u00e3o detido ser\u00e1 encaminhado \u00e0 sala de ocorr\u00eancias da Pol\u00edcia Civil, localizada tamb\u00e9m na regi\u00e3o do Forr\u00f3 Caju. Caso a situa\u00e7\u00e3o envolva adolescentes ou crian\u00e7as, a situa\u00e7\u00e3o novamente passar\u00e1 por triagem. Havendo necessidade, o caso ser\u00e1 direcionado ao Conselho Tutelar, que tamb\u00e9m conta com profissionais atuando na festa. Para auxiliar nos trabalhos, foram instaladas 20 c\u00e2meras de seguran\u00e7a para auxiliar no monitoramento de ocorr\u00eancias observadas durante o Forr\u00f3 Caju. \u201cEste ano estamos com elevados mais pr\u00f3ximos um dos outros e com mais uma cabine de desarmamento na \u00e1rea da festa. \u00c9 importante que cada profissional armado efetue seu cadastro e se desarme antes de ter acesso ao Forr\u00f3 Caju. Nosso objetivo priorit\u00e1rio \u00e9 garantir a seguran\u00e7a de todo o p\u00fablico presente na abertura da festa\u201d, finalizou o tenente-coronel Jackson.<\/p>\n<p style=\"text-align: justify;\"><strong>Documentos recuperados<\/strong><\/p>\n<p style=\"text-align: justify;\">Com rela\u00e7\u00e3o a documentos encontrados na \u00e1rea do Forr\u00f3 Caju, a Pol\u00edcia Militar estar\u00e1 disponibilizando uma lista atualizada com os nomes e documentos\/objetos que forem recuperados, a partir da segunda-feira, 18.<\/p>\n<p style=\"text-align: justify;\">As pessoas que tiverem com o nome na lista podem buscar o documento\/objetos na Assessoria de Comunica\u00e7\u00e3o da PM, localizada no Quartel do Comando Geral (QCG) de segunda \u00e0 quinta-feira, das 8 \u00e0s 16h; e na sexta-feira, das 7h \u00e0s 13h. O material ficar\u00e1 \u00e0 disposi\u00e7\u00e3o do p\u00fablico at\u00e9 o dia 10 de julho. Ap\u00f3s tal data, seguir\u00e1 para a ag\u00eancia central dos Correios. O QCG est\u00e1 localizado na rua Itabaiana, 336, Centro, Aracaju. <strong>Informa\u00e7\u00f5es: (79) 3213-0023 &#8211; Ascom\/PM.<\/strong><\/p>\n","protected":false},"excerpt":{"rendered":"<p>A Pol\u00edcia Militar, atrav\u00e9s do Comando do Policiamento Militar da Capital (CPMC), realizou nas primeiras horas desta noite a apresenta\u00e7\u00e3o do efetivo que estar\u00e1 atuando no local na primeira noite do Forr\u00f3 Caju. Para acompanhar a revista \u00e0 tropa, o coronel Maur\u00edcio da Cunha Iunes, comandante geral da PM, esteve no local e aproveitou para [&hellip;]<\/p>\n","protected":false},"author":3,"featured_media":34624,"comment_status":"closed","ping_status":"closed","sticky":false,"template":"","format":"standard","meta":{"footnotes":""},"categories":[7],"tags":[],"class_list":{"0":"post-34623","1":"post","2":"type-post","3":"status-publish","4":"format-standard","5":"has-post-thumbnail","7":"category-policia"},"_links":{"self":[{"href":"https:\/\/senoticias.com.br\/se\/wp-json\/wp\/v2\/posts\/34623"}],"collection":[{"href":"https:\/\/senoticias.com.br\/se\/wp-json\/wp\/v2\/posts"}],"about":[{"href":"https:\/\/senoticias.com.br\/se\/wp-json\/wp\/v2\/types\/post"}],"author":[{"embeddable":true,"href":"https:\/\/senoticias.com.br\/se\/wp-json\/wp\/v2\/users\/3"}],"replies":[{"embeddable":true,"href":"https:\/\/senoticias.com.br\/se\/wp-json\/wp\/v2\/comments?post=34623"}],"version-history":[{"count":0,"href":"https:\/\/senoticias.com.br\/se\/wp-json\/wp\/v2\/posts\/34623\/revisions"}],"wp:featuredmedia":[{"embeddable":true,"href":"https:\/\/senoticias.com.br\/se\/wp-json\/wp\/v2\/media\/34624"}],"wp:attachment":[{"href":"https:\/\/senoticias.com.br\/se\/wp-json\/wp\/v2\/media?parent=34623"}],"wp:term":[{"taxonomy":"category","embeddable":true,"href":"https:\/\/senoticias.com.br\/se\/wp-json\/wp\/v2\/categories?post=34623"},{"taxonomy":"post_tag","embeddable":true,"href":"https:\/\/senoticias.com.br\/se\/wp-json\/wp\/v2\/tags?post=34623"}],"curies":[{"name":"wp","href":"https:\/\/api.w.org\/{rel}","templated":true}]}}